{"id":9774,"date":"2021-10-11T17:40:10","date_gmt":"2021-10-11T15:40:10","guid":{"rendered":"https:\/\/agora.xtec.cat\/esc-teresabergada\/?p=9774"},"modified":"2021-10-11T17:40:10","modified_gmt":"2021-10-11T15:40:10","slug":"engeguem-el-projecte-les-plantes","status":"publish","type":"post","link":"https:\/\/agora.xtec.cat\/esc-teresabergada\/blocs-de-primaria\/2n\/engeguem-el-projecte-les-plantes\/","title":{"rendered":"Engeguem el projecte: Les Plantes"},"content":{"rendered":"<p>Aquest divendres passat a l&#8217;escola hem tingut una visita molt especial!<\/p>\n<p>Ens ha vingut a visitar un&#8230; Bomber!<\/p>\n<p>En Jordi Farr\u00e9,\u00a0 ens ha explicat quines s\u00f3n les principals tasques dels bombers, ens ha ensenyat l&#8217;equipaci\u00f3 que han de portar i sobretot ens ha vingut a dir que hem de tenir cura del nostre entorn i de la natura, perqu\u00e8&#8230; <strong>us imagineu que els incendis acabessin cremant totes les plantes del planeta?<\/strong> Uff&#8230;. <strong>qu\u00e8 passaria?<\/strong><\/p>\n<p>Doncs amb aquesta visita, i aquesta pregunta iniciarem el nostre Projecte de les Plantes, intentant gaudir i aprendre al m\u00e0xim. Entre tots ens farem uns grans experts!<\/p>\n<p><em>Gr\u00e0cies Jordi per compartir amb tots nosaltres el teu saber.<\/em><\/p>\n<p><a href=\"https:\/\/photos.app.goo.gl\/QGRcXzicYThpDmJUA\">Aqu\u00ed trobareu les fotos que es van fer de l&#8217;activitat.<\/a><\/p>\n","protected":false},"excerpt":{"rendered":"<p>Activitat de xoc. Projecte: Les Plantes&hellip;  <a href=\"https:\/\/agora.xtec.cat\/esc-teresabergada\/blocs-de-primaria\/2n\/engeguem-el-projecte-les-plantes\/\" title=\"Read Engeguem el projecte: Les Plantes\">Llegeix m\u00e9s\u00bb<\/a><\/p>\n","protected":false},"author":16,"featured_media":0,"comment_status":"open","ping_status":"closed","sticky":false,"template":"","format":"standard","meta":{"_bbp_topic_count":0,"_bbp_reply_count":0,"_bbp_total_topic_count":0,"_bbp_total_reply_count":0,"_bbp_voice_count":0,"_bbp_anonymous_reply_count":0,"_bbp_topic_count_hidden":0,"_bbp_reply_count_hidden":0,"_bbp_forum_subforum_count":0,"footnotes":""},"categories":[348,153],"tags":[589,135,590,306,172,507,70],"class_list":["post-9774","post","type-post","status-publish","format-standard","hentry","category-1r","category-2n","tag-bomber","tag-cicle-inicial","tag-incendis","tag-les-plantes","tag-medi","tag-medi-ambient","tag-projecte"],"post_mailing_queue_ids":[],"_links":{"self":[{"href":"https:\/\/agora.xtec.cat\/esc-teresabergada\/wp-json\/wp\/v2\/posts\/9774","targetHints":{"allow":["GET"]}}],"collection":[{"href":"https:\/\/agora.xtec.cat\/esc-teresabergada\/wp-json\/wp\/v2\/posts"}],"about":[{"href":"https:\/\/agora.xtec.cat\/esc-teresabergada\/wp-json\/wp\/v2\/types\/post"}],"author":[{"embeddable":true,"href":"https:\/\/agora.xtec.cat\/esc-teresabergada\/wp-json\/wp\/v2\/users\/16"}],"replies":[{"embeddable":true,"href":"https:\/\/agora.xtec.cat\/esc-teresabergada\/wp-json\/wp\/v2\/comments?post=9774"}],"version-history":[{"count":3,"href":"https:\/\/agora.xtec.cat\/esc-teresabergada\/wp-json\/wp\/v2\/posts\/9774\/revisions"}],"predecessor-version":[{"id":9778,"href":"https:\/\/agora.xtec.cat\/esc-teresabergada\/wp-json\/wp\/v2\/posts\/9774\/revisions\/9778"}],"wp:attachment":[{"href":"https:\/\/agora.xtec.cat\/esc-teresabergada\/wp-json\/wp\/v2\/media?parent=9774"}],"wp:term":[{"taxonomy":"category","embeddable":true,"href":"https:\/\/agora.xtec.cat\/esc-teresabergada\/wp-json\/wp\/v2\/categories?post=9774"},{"taxonomy":"post_tag","embeddable":true,"href":"https:\/\/agora.xtec.cat\/esc-teresabergada\/wp-json\/wp\/v2\/tags?post=9774"}],"curies":[{"name":"wp","href":"https:\/\/api.w.org\/{rel}","templated":true}]}}