{"id":9767,"date":"2021-10-08T11:16:13","date_gmt":"2021-10-08T09:16:13","guid":{"rendered":"https:\/\/agora.xtec.cat\/esc-teresabergada\/?p=9767"},"modified":"2021-10-08T11:17:30","modified_gmt":"2021-10-08T09:17:30","slug":"el-volca-de-la-palma","status":"publish","type":"post","link":"https:\/\/agora.xtec.cat\/esc-teresabergada\/blocs-de-primaria\/5e\/el-volca-de-la-palma\/","title":{"rendered":"EL VOLC\u00c0 DE LA PALMA"},"content":{"rendered":"<p style=\"text-align: justify\">El diumenge 19 de setembre el volc\u00e0 Cumbre Vieja de La Palma va entrar en erupci\u00f3.Una setmana abans ja va avisar amb terratr\u00e8mols. Motiu pel qual El Servei de Protecci\u00f3 Civil i Emerg\u00e8ncies va comen\u00e7ar a desallotjar les persones dels pobles propers al volc\u00e0 .<\/p>\n<p style=\"text-align: justify\">En aquests moments hi ha moltes persones que encara estan desallotjades i el volc\u00e0 encara est\u00e0 en erupci\u00f3. Els vulcan\u00f2legs diuen que l&#8217;escalfament del magma de l&#8217;interior de la Terra fa que els volcans explotin.<\/p>\n<p>Esperem que no duri molt de temps i tot pugui tornar a la normalitat.<\/p>\n<p style=\"text-align: justify\">Joan Escuer<\/p>\n<p><img loading=\"lazy\" decoding=\"async\" class=\"size-medium wp-image-9768 aligncenter\" src=\"https:\/\/agora.xtec.cat\/esc-teresabergada\/wp-content\/uploads\/usu1533\/2021\/10\/Captura-de-pantalla-2021-03-22-a-les-10.04.45-22090651-604x270-1-300x134.png\" alt=\"\" width=\"300\" height=\"134\" srcset=\"https:\/\/agora.xtec.cat\/esc-teresabergada\/wp-content\/uploads\/usu1533\/2021\/10\/Captura-de-pantalla-2021-03-22-a-les-10.04.45-22090651-604x270-1-300x134.png 300w, https:\/\/agora.xtec.cat\/esc-teresabergada\/wp-content\/uploads\/usu1533\/2021\/10\/Captura-de-pantalla-2021-03-22-a-les-10.04.45-22090651-604x270-1.png 604w\" sizes=\"auto, (max-width: 300px) 100vw, 300px\" \/><\/p>\n","protected":false},"excerpt":{"rendered":"<p>El diumenge 19 de setembre el volc\u00e0 Cumbre Vieja de La Palma va entrar en erupci\u00f3.Una setmana abans ja va avisar amb terratr\u00e8mols. Motiu pel qual El Servei de Protecci\u00f3 Civil i Emerg\u00e8ncies va comen\u00e7ar a desallotjar les persones dels pobles propers al volc\u00e0 .<br \/>\nEn&hellip;  <a href=\"https:\/\/agora.xtec.cat\/esc-teresabergada\/blocs-de-primaria\/5e\/el-volca-de-la-palma\/\" title=\"Read EL VOLC\u00c0 DE LA PALMA\">Llegeix m\u00e9s\u00bb<\/a><\/p>\n","protected":false},"author":32,"featured_media":9768,"comment_status":"open","ping_status":"closed","sticky":false,"template":"","format":"standard","meta":{"_bbp_topic_count":0,"_bbp_reply_count":0,"_bbp_total_topic_count":0,"_bbp_total_reply_count":0,"_bbp_voice_count":0,"_bbp_anonymous_reply_count":0,"_bbp_topic_count_hidden":0,"_bbp_reply_count_hidden":0,"_bbp_forum_subforum_count":0,"footnotes":""},"categories":[349],"tags":[],"class_list":["post-9767","post","type-post","status-publish","format-standard","has-post-thumbnail","hentry","category-5e"],"post_mailing_queue_ids":[],"_links":{"self":[{"href":"https:\/\/agora.xtec.cat\/esc-teresabergada\/wp-json\/wp\/v2\/posts\/9767","targetHints":{"allow":["GET"]}}],"collection":[{"href":"https:\/\/agora.xtec.cat\/esc-teresabergada\/wp-json\/wp\/v2\/posts"}],"about":[{"href":"https:\/\/agora.xtec.cat\/esc-teresabergada\/wp-json\/wp\/v2\/types\/post"}],"author":[{"embeddable":true,"href":"https:\/\/agora.xtec.cat\/esc-teresabergada\/wp-json\/wp\/v2\/users\/32"}],"replies":[{"embeddable":true,"href":"https:\/\/agora.xtec.cat\/esc-teresabergada\/wp-json\/wp\/v2\/comments?post=9767"}],"version-history":[{"count":3,"href":"https:\/\/agora.xtec.cat\/esc-teresabergada\/wp-json\/wp\/v2\/posts\/9767\/revisions"}],"predecessor-version":[{"id":9772,"href":"https:\/\/agora.xtec.cat\/esc-teresabergada\/wp-json\/wp\/v2\/posts\/9767\/revisions\/9772"}],"wp:featuredmedia":[{"embeddable":true,"href":"https:\/\/agora.xtec.cat\/esc-teresabergada\/wp-json\/wp\/v2\/media\/9768"}],"wp:attachment":[{"href":"https:\/\/agora.xtec.cat\/esc-teresabergada\/wp-json\/wp\/v2\/media?parent=9767"}],"wp:term":[{"taxonomy":"category","embeddable":true,"href":"https:\/\/agora.xtec.cat\/esc-teresabergada\/wp-json\/wp\/v2\/categories?post=9767"},{"taxonomy":"post_tag","embeddable":true,"href":"https:\/\/agora.xtec.cat\/esc-teresabergada\/wp-json\/wp\/v2\/tags?post=9767"}],"curies":[{"name":"wp","href":"https:\/\/api.w.org\/{rel}","templated":true}]}}