{"id":9719,"date":"2021-10-06T11:44:00","date_gmt":"2021-10-06T09:44:00","guid":{"rendered":"https:\/\/agora.xtec.cat\/esc-teresabergada\/?p=9719"},"modified":"2022-07-11T10:56:24","modified_gmt":"2022-07-11T08:56:24","slug":"maquines-i-maquinasions","status":"publish","type":"post","link":"https:\/\/agora.xtec.cat\/esc-teresabergada\/blocs-de-primaria\/6e\/maquines-i-maquinasions\/","title":{"rendered":"M\u00c0QUINES I MAQUINACIONS"},"content":{"rendered":"<p>Divendres 1 d&#8217;octubre a l&#8217;assignatura d&#8217;art ens van presentar una noia que es diu Ana Garcia Pineda.<\/p>\n<p>Ella s&#8217;inventa m\u00e0quines que li agradarien que existeixin per exemple: M\u00e0quina per que l&#8217;alzheimer solament afecti als teus records tristos.<\/p>\n<p>Despr\u00e9s haviem de pensar nosaltres una m\u00e0quina que ens agradaria tenir relacionada amb el cos hum\u00e0. Ho vam realitzar amb trossets de paper de diaris o de revistes. Aquest divendres em de continuar acabant les nostres m\u00e0quines.<\/p>\n<p>Totes les activitats d&#8217;art de cicle superior venen relacionades amb la presentaci\u00f3 que ens va fer l&#8217; Helena\u00a0 Ayuso, del museu La Panera. Ens va fer la presentaci\u00f3 de la Jardinera Peluda.<\/p>\n<p>Penso que en aquest projecte poden haver activitats molt interesants i divertides.<\/p>\n<p>Mariona Farr\u00e9 Gonz\u00e0lez.<a href=\"https:\/\/agora.xtec.cat\/esc-teresabergada\/wp-content\/uploads\/usu1533\/2021\/10\/Captura-de-pantalla-2018-05-01-a-las-14.27.20.png\"><img loading=\"lazy\" decoding=\"async\" class=\"aligncenter size-full wp-image-9720\" src=\"https:\/\/agora.xtec.cat\/esc-teresabergada\/wp-content\/uploads\/usu1533\/2021\/10\/Captura-de-pantalla-2018-05-01-a-las-14.27.20.png\" alt=\"\" width=\"601\" height=\"316\" srcset=\"https:\/\/agora.xtec.cat\/esc-teresabergada\/wp-content\/uploads\/usu1533\/2021\/10\/Captura-de-pantalla-2018-05-01-a-las-14.27.20.png 601w, https:\/\/agora.xtec.cat\/esc-teresabergada\/wp-content\/uploads\/usu1533\/2021\/10\/Captura-de-pantalla-2018-05-01-a-las-14.27.20-300x158.png 300w\" sizes=\"auto, (max-width: 601px) 100vw, 601px\" \/><\/a><\/p>\n","protected":false},"excerpt":{"rendered":"<p>Divendres 1 d&#8217;octubre a l&#8217;assignatura d&#8217;art ens van presentar una noia que es diu Ana Garcia Pineda.<br \/>\nElla s&#8217;inventa m\u00e0quines que li agradarien que existeixin per exemple: M\u00e0quina per que l&#8217;alzheimer solament afecti als teus records tristos.<br \/>\nDespr\u00e9s haviem de pensar nosaltres una m\u00e0quina que ens agradaria&hellip;  <a href=\"https:\/\/agora.xtec.cat\/esc-teresabergada\/blocs-de-primaria\/6e\/maquines-i-maquinasions\/\" title=\"Read M\u00c0QUINES I MAQUINACIONS\">Llegeix m\u00e9s\u00bb<\/a><\/p>\n","protected":false},"author":1,"featured_media":9720,"comment_status":"open","ping_status":"closed","sticky":false,"template":"","format":"standard","meta":{"_bbp_topic_count":0,"_bbp_reply_count":0,"_bbp_total_topic_count":0,"_bbp_total_reply_count":0,"_bbp_voice_count":0,"_bbp_anonymous_reply_count":0,"_bbp_topic_count_hidden":0,"_bbp_reply_count_hidden":0,"_bbp_forum_subforum_count":0,"footnotes":""},"categories":[240],"tags":[],"class_list":["post-9719","post","type-post","status-publish","format-standard","has-post-thumbnail","hentry","category-6e"],"post_mailing_queue_ids":[],"_links":{"self":[{"href":"https:\/\/agora.xtec.cat\/esc-teresabergada\/wp-json\/wp\/v2\/posts\/9719","targetHints":{"allow":["GET"]}}],"collection":[{"href":"https:\/\/agora.xtec.cat\/esc-teresabergada\/wp-json\/wp\/v2\/posts"}],"about":[{"href":"https:\/\/agora.xtec.cat\/esc-teresabergada\/wp-json\/wp\/v2\/types\/post"}],"author":[{"embeddable":true,"href":"https:\/\/agora.xtec.cat\/esc-teresabergada\/wp-json\/wp\/v2\/users\/1"}],"replies":[{"embeddable":true,"href":"https:\/\/agora.xtec.cat\/esc-teresabergada\/wp-json\/wp\/v2\/comments?post=9719"}],"version-history":[{"count":2,"href":"https:\/\/agora.xtec.cat\/esc-teresabergada\/wp-json\/wp\/v2\/posts\/9719\/revisions"}],"predecessor-version":[{"id":9725,"href":"https:\/\/agora.xtec.cat\/esc-teresabergada\/wp-json\/wp\/v2\/posts\/9719\/revisions\/9725"}],"wp:featuredmedia":[{"embeddable":true,"href":"https:\/\/agora.xtec.cat\/esc-teresabergada\/wp-json\/wp\/v2\/media\/9720"}],"wp:attachment":[{"href":"https:\/\/agora.xtec.cat\/esc-teresabergada\/wp-json\/wp\/v2\/media?parent=9719"}],"wp:term":[{"taxonomy":"category","embeddable":true,"href":"https:\/\/agora.xtec.cat\/esc-teresabergada\/wp-json\/wp\/v2\/categories?post=9719"},{"taxonomy":"post_tag","embeddable":true,"href":"https:\/\/agora.xtec.cat\/esc-teresabergada\/wp-json\/wp\/v2\/tags?post=9719"}],"curies":[{"name":"wp","href":"https:\/\/api.w.org\/{rel}","templated":true}]}}