{"id":9694,"date":"2021-10-05T20:29:54","date_gmt":"2021-10-05T18:29:54","guid":{"rendered":"https:\/\/agora.xtec.cat\/esc-teresabergada\/?p=9694"},"modified":"2021-10-05T20:29:54","modified_gmt":"2021-10-05T18:29:54","slug":"reunio-dinici-de-curs-a-cicle-superior","status":"publish","type":"post","link":"https:\/\/agora.xtec.cat\/esc-teresabergada\/blocs-de-primaria\/6e\/reunio-dinici-de-curs-a-cicle-superior\/","title":{"rendered":"REUNI\u00d3 D&#8217;INICI DE CURS A CICLE SUPERIOR"},"content":{"rendered":"<p style=\"text-align: justify\">La reuni\u00f3 d&#8217;inici de curs el passat dijous 30 de setembre va ser el primer contacte per a trobar-nos amb les fam\u00edlies. Ha estat una trobada telem\u00e0tica per\u00f2 valorem molt positivament el vostre esfor\u00e7 per assistir-hi.<\/p>\n<p style=\"text-align: justify\">Com sempre, comptem amb vosaltres per a poder acompanyar els vostres fills i filles en aquest cam\u00ed. Molt bon curs a tothom!!!<\/p>\n<p style=\"text-align: justify\">Equip de mestres de CS<\/p>\n<p><a href=\"https:\/\/www.canva.com\/design\/DAEr-VhR-f0\/view\"><img loading=\"lazy\" decoding=\"async\" class=\"aligncenter wp-image-9696\" src=\"https:\/\/agora.xtec.cat\/esc-teresabergada\/wp-content\/uploads\/usu1533\/2021\/10\/Copia-de-Copia-de-Reunio-inici-de-curs.png\" alt=\"\" width=\"601\" height=\"451\" srcset=\"https:\/\/agora.xtec.cat\/esc-teresabergada\/wp-content\/uploads\/usu1533\/2021\/10\/Copia-de-Copia-de-Reunio-inici-de-curs.png 1024w, https:\/\/agora.xtec.cat\/esc-teresabergada\/wp-content\/uploads\/usu1533\/2021\/10\/Copia-de-Copia-de-Reunio-inici-de-curs-300x225.png 300w, https:\/\/agora.xtec.cat\/esc-teresabergada\/wp-content\/uploads\/usu1533\/2021\/10\/Copia-de-Copia-de-Reunio-inici-de-curs-768x576.png 768w, https:\/\/agora.xtec.cat\/esc-teresabergada\/wp-content\/uploads\/usu1533\/2021\/10\/Copia-de-Copia-de-Reunio-inici-de-curs-200x150.png 200w\" sizes=\"auto, (max-width: 601px) 100vw, 601px\" \/><\/a><\/p>\n","protected":false},"excerpt":{"rendered":"<p>La reuni\u00f3 d&#8217;inici de curs el passat dijous 30 de setembre va ser el primer contacte per a trobar-nos amb les fam\u00edlies. Ha estat una trobada telem\u00e0tica per\u00f2 valorem molt positivament el vostre esfor\u00e7 per assistir-hi.<br \/>\nCom sempre, comptem amb vosaltres per a poder acompanyar els&hellip;  <a href=\"https:\/\/agora.xtec.cat\/esc-teresabergada\/blocs-de-primaria\/6e\/reunio-dinici-de-curs-a-cicle-superior\/\" title=\"Read REUNI\u00d3 D&#8217;INICI DE CURS A CICLE SUPERIOR\">Llegeix m\u00e9s\u00bb<\/a><\/p>\n","protected":false},"author":32,"featured_media":9696,"comment_status":"open","ping_status":"closed","sticky":false,"template":"","format":"standard","meta":{"_bbp_topic_count":0,"_bbp_reply_count":0,"_bbp_total_topic_count":0,"_bbp_total_reply_count":0,"_bbp_voice_count":0,"_bbp_anonymous_reply_count":0,"_bbp_topic_count_hidden":0,"_bbp_reply_count_hidden":0,"_bbp_forum_subforum_count":0,"footnotes":""},"categories":[349,240],"tags":[],"class_list":["post-9694","post","type-post","status-publish","format-standard","has-post-thumbnail","hentry","category-5e","category-6e"],"post_mailing_queue_ids":[],"_links":{"self":[{"href":"https:\/\/agora.xtec.cat\/esc-teresabergada\/wp-json\/wp\/v2\/posts\/9694","targetHints":{"allow":["GET"]}}],"collection":[{"href":"https:\/\/agora.xtec.cat\/esc-teresabergada\/wp-json\/wp\/v2\/posts"}],"about":[{"href":"https:\/\/agora.xtec.cat\/esc-teresabergada\/wp-json\/wp\/v2\/types\/post"}],"author":[{"embeddable":true,"href":"https:\/\/agora.xtec.cat\/esc-teresabergada\/wp-json\/wp\/v2\/users\/32"}],"replies":[{"embeddable":true,"href":"https:\/\/agora.xtec.cat\/esc-teresabergada\/wp-json\/wp\/v2\/comments?post=9694"}],"version-history":[{"count":4,"href":"https:\/\/agora.xtec.cat\/esc-teresabergada\/wp-json\/wp\/v2\/posts\/9694\/revisions"}],"predecessor-version":[{"id":10935,"href":"https:\/\/agora.xtec.cat\/esc-teresabergada\/wp-json\/wp\/v2\/posts\/9694\/revisions\/10935"}],"wp:featuredmedia":[{"embeddable":true,"href":"https:\/\/agora.xtec.cat\/esc-teresabergada\/wp-json\/wp\/v2\/media\/9696"}],"wp:attachment":[{"href":"https:\/\/agora.xtec.cat\/esc-teresabergada\/wp-json\/wp\/v2\/media?parent=9694"}],"wp:term":[{"taxonomy":"category","embeddable":true,"href":"https:\/\/agora.xtec.cat\/esc-teresabergada\/wp-json\/wp\/v2\/categories?post=9694"},{"taxonomy":"post_tag","embeddable":true,"href":"https:\/\/agora.xtec.cat\/esc-teresabergada\/wp-json\/wp\/v2\/tags?post=9694"}],"curies":[{"name":"wp","href":"https:\/\/api.w.org\/{rel}","templated":true}]}}