{"id":9631,"date":"2021-06-29T12:10:09","date_gmt":"2021-06-29T10:10:09","guid":{"rendered":"http:\/\/agora.xtec.cat\/esc-teresabergada\/?p=9631"},"modified":"2021-09-17T09:43:31","modified_gmt":"2021-09-17T07:43:31","slug":"final-del-curs","status":"publish","type":"post","link":"https:\/\/agora.xtec.cat\/esc-teresabergada\/general\/final-del-curs\/","title":{"rendered":"Final de curs"},"content":{"rendered":"<p>Quin curs tan incert que hem passat i ja podem dir que ja s&#8217;ha acabat. Entre tots hem pogut superar totes les dificultats que ens han vingut. Agrair la fortalesa d&#8217;aquests alumnes per superar quest any tan peculiar. Ja podem dir que comencem a veure la llum i esperem que d&#8217;aqu\u00ed poc puguem estar m\u00e9s units que mai<\/p>\n<p>Aquest any el final de curs el vam gaudir tots junts al pavell\u00f3. Vam poder moure l&#8217;esquelet amb les can\u00e7ons d&#8217;un grup d&#8217;animaci\u00f3 a c\u00e0rrec de l&#8217;AMPA. A continuaci\u00f3 es van entregar les orles als alumnes de 6\u00e8 i els hi vam cantar i ballar una can\u00e7\u00f3. Per finalitzar els nens i nenes de 6\u00e8 es van acomiadar de nosaltres amb una can\u00e7\u00f3 i unes boniques paraules.<\/p>\n<p>per veure les fotos clica la imatge<a href=\"https:\/\/photos.app.goo.gl\/4yZXxi1i9Sptn19X9\"><img loading=\"lazy\" decoding=\"async\" class=\"alignnone size-large wp-image-9633\" src=\"https:\/\/agora.xtec.cat\/esc-teresabergada\/wp-content\/uploads\/usu1533\/2021\/06\/IMG_9838-1024x445.jpg\" alt=\"\" width=\"1024\" height=\"445\" \/><\/a><\/p>\n","protected":false},"excerpt":{"rendered":"<p>Quin curs tan incert que hem passat i ja podem dir que ja s&#8217;ha acabat. Entre tots hem pogut superar totes les dificultats que ens han vingut. Agrair la fortalesa d&#8217;aquests alumnes per superar quest any tan peculiar. Ja podem dir que comencem a veure&hellip;  <a href=\"https:\/\/agora.xtec.cat\/esc-teresabergada\/general\/final-del-curs\/\" title=\"Read Final de curs\">Llegeix m\u00e9s\u00bb<\/a><\/p>\n","protected":false},"author":1,"featured_media":0,"comment_status":"open","ping_status":"closed","sticky":false,"template":"","format":"standard","meta":{"_bbp_topic_count":0,"_bbp_reply_count":0,"_bbp_total_topic_count":0,"_bbp_total_reply_count":0,"_bbp_voice_count":0,"_bbp_anonymous_reply_count":0,"_bbp_topic_count_hidden":0,"_bbp_reply_count_hidden":0,"_bbp_forum_subforum_count":0,"footnotes":""},"categories":[348,1,4],"tags":[],"class_list":["post-9631","post","type-post","status-publish","format-standard","hentry","category-1r","category-general","category-portada"],"post_mailing_queue_ids":[],"_links":{"self":[{"href":"https:\/\/agora.xtec.cat\/esc-teresabergada\/wp-json\/wp\/v2\/posts\/9631","targetHints":{"allow":["GET"]}}],"collection":[{"href":"https:\/\/agora.xtec.cat\/esc-teresabergada\/wp-json\/wp\/v2\/posts"}],"about":[{"href":"https:\/\/agora.xtec.cat\/esc-teresabergada\/wp-json\/wp\/v2\/types\/post"}],"author":[{"embeddable":true,"href":"https:\/\/agora.xtec.cat\/esc-teresabergada\/wp-json\/wp\/v2\/users\/1"}],"replies":[{"embeddable":true,"href":"https:\/\/agora.xtec.cat\/esc-teresabergada\/wp-json\/wp\/v2\/comments?post=9631"}],"version-history":[{"count":3,"href":"https:\/\/agora.xtec.cat\/esc-teresabergada\/wp-json\/wp\/v2\/posts\/9631\/revisions"}],"predecessor-version":[{"id":9638,"href":"https:\/\/agora.xtec.cat\/esc-teresabergada\/wp-json\/wp\/v2\/posts\/9631\/revisions\/9638"}],"wp:attachment":[{"href":"https:\/\/agora.xtec.cat\/esc-teresabergada\/wp-json\/wp\/v2\/media?parent=9631"}],"wp:term":[{"taxonomy":"category","embeddable":true,"href":"https:\/\/agora.xtec.cat\/esc-teresabergada\/wp-json\/wp\/v2\/categories?post=9631"},{"taxonomy":"post_tag","embeddable":true,"href":"https:\/\/agora.xtec.cat\/esc-teresabergada\/wp-json\/wp\/v2\/tags?post=9631"}],"curies":[{"name":"wp","href":"https:\/\/api.w.org\/{rel}","templated":true}]}}