{"id":9627,"date":"2021-06-24T19:43:21","date_gmt":"2021-06-24T17:43:21","guid":{"rendered":"http:\/\/agora.xtec.cat\/esc-teresabergada\/?p=9627"},"modified":"2021-09-15T12:20:25","modified_gmt":"2021-09-15T10:20:25","slug":"musica-per-als-ulls","status":"publish","type":"post","link":"https:\/\/agora.xtec.cat\/esc-teresabergada\/musica\/musica-per-als-ulls\/","title":{"rendered":"M\u00daSICA PER ALS ULLS"},"content":{"rendered":"<p><span style=\"font-weight: 400\">L\u2019\u00faltim dilluns del curs, els alumnes de cinqu\u00e8 B van tenir l\u2019oportunitat de transmetre els valors de la can\u00e7\u00f3 \u2018\u2019Tots som s\u00fapers\u2019\u2019 en <strong>llengua de signes catalana<\/strong>, representant a tots els nens i les nenes de 4t A, 4t B i 5\u00e8 A.\u00a0<\/span><\/p>\n<p><span style=\"font-weight: 400\">L\u2019int\u00e8rpret <strong>Marisa Alvarado<\/strong> els va veure a trav\u00e9s d&#8217;una pantalla, per\u00f2 tots van poder gaudir d\u2019una estona d\u2019un entorn que gaireb\u00e9 ning\u00fa en parla: la sordesa.<\/span><\/p>\n<p><span style=\"font-weight: 400\">Els nens i les nenes van cantar ben fort \u2018\u2019T<strong>ots som tan originals \/ No en trobareu pas dos d&#8217;iguals<\/strong>\u2019\u2019. I \u00e9s que han estat part\u00edcips d\u2019una realitat que s\u2019ha de valorar.\u00a0<\/span><\/p>\n<p><span style=\"font-weight: 400\">En acabar la interpretaci\u00f3 de la can\u00e7\u00f3, l\u2019alumnat va poder fer preguntes que van ser contestades per la Marisa Alvarado. Una estona que ha despertat inter\u00e8s en alguns dels alumnes.<\/span><\/p>\n<p><iframe loading=\"lazy\" title=\"M\u00fasica per als ulls\" width=\"500\" height=\"281\" src=\"https:\/\/www.youtube.com\/embed\/oMswj7Koh0k?feature=oembed\" frameborder=\"0\" allow=\"accelerometer; autoplay; clipboard-write; encrypted-media; gyroscope; picture-in-picture; web-share\" referrerpolicy=\"strict-origin-when-cross-origin\" allowfullscreen><\/iframe><\/p>\n","protected":false},"excerpt":{"rendered":"<p>L\u2019\u00faltim dilluns del curs, els alumnes de cinqu\u00e8 B van tenir l\u2019oportunitat de transmetre els valors de la can\u00e7\u00f3 \u2018\u2019Tots som s\u00fapers\u2019\u2019 en llengua de signes catalana, representant a tots els nens i les nenes de 4t A, 4t B i 5\u00e8 A.\u00a0<br \/>\nL\u2019int\u00e8rpret Marisa Alvarado&hellip;  <a href=\"https:\/\/agora.xtec.cat\/esc-teresabergada\/musica\/musica-per-als-ulls\/\" title=\"Read M\u00daSICA PER ALS ULLS\">Llegeix m\u00e9s\u00bb<\/a><\/p>\n","protected":false},"author":1,"featured_media":9628,"comment_status":"open","ping_status":"closed","sticky":false,"template":"","format":"standard","meta":{"_bbp_topic_count":0,"_bbp_reply_count":0,"_bbp_total_topic_count":0,"_bbp_total_reply_count":0,"_bbp_voice_count":0,"_bbp_anonymous_reply_count":0,"_bbp_topic_count_hidden":0,"_bbp_reply_count_hidden":0,"_bbp_forum_subforum_count":0,"footnotes":""},"categories":[104],"tags":[],"class_list":["post-9627","post","type-post","status-publish","format-standard","has-post-thumbnail","hentry","category-musica"],"post_mailing_queue_ids":[],"_links":{"self":[{"href":"https:\/\/agora.xtec.cat\/esc-teresabergada\/wp-json\/wp\/v2\/posts\/9627","targetHints":{"allow":["GET"]}}],"collection":[{"href":"https:\/\/agora.xtec.cat\/esc-teresabergada\/wp-json\/wp\/v2\/posts"}],"about":[{"href":"https:\/\/agora.xtec.cat\/esc-teresabergada\/wp-json\/wp\/v2\/types\/post"}],"author":[{"embeddable":true,"href":"https:\/\/agora.xtec.cat\/esc-teresabergada\/wp-json\/wp\/v2\/users\/1"}],"replies":[{"embeddable":true,"href":"https:\/\/agora.xtec.cat\/esc-teresabergada\/wp-json\/wp\/v2\/comments?post=9627"}],"version-history":[{"count":1,"href":"https:\/\/agora.xtec.cat\/esc-teresabergada\/wp-json\/wp\/v2\/posts\/9627\/revisions"}],"predecessor-version":[{"id":9629,"href":"https:\/\/agora.xtec.cat\/esc-teresabergada\/wp-json\/wp\/v2\/posts\/9627\/revisions\/9629"}],"wp:featuredmedia":[{"embeddable":true,"href":"https:\/\/agora.xtec.cat\/esc-teresabergada\/wp-json\/wp\/v2\/media\/9628"}],"wp:attachment":[{"href":"https:\/\/agora.xtec.cat\/esc-teresabergada\/wp-json\/wp\/v2\/media?parent=9627"}],"wp:term":[{"taxonomy":"category","embeddable":true,"href":"https:\/\/agora.xtec.cat\/esc-teresabergada\/wp-json\/wp\/v2\/categories?post=9627"},{"taxonomy":"post_tag","embeddable":true,"href":"https:\/\/agora.xtec.cat\/esc-teresabergada\/wp-json\/wp\/v2\/tags?post=9627"}],"curies":[{"name":"wp","href":"https:\/\/api.w.org\/{rel}","templated":true}]}}