{"id":9613,"date":"2021-06-22T10:02:29","date_gmt":"2021-06-22T08:02:29","guid":{"rendered":"http:\/\/agora.xtec.cat\/esc-teresabergada\/?p=9613"},"modified":"2021-09-17T09:24:02","modified_gmt":"2021-09-17T07:24:02","slug":"el-comic-amb-scratch","status":"publish","type":"post","link":"https:\/\/agora.xtec.cat\/esc-teresabergada\/general\/el-comic-amb-scratch\/","title":{"rendered":"El c\u00f2mic amb scratch"},"content":{"rendered":"<p>Benvolgudes fam\u00edlies,<br \/>\nAquest tercer trimestre, a catal\u00e0, hem treballat la tipologia textual del c\u00f2mic amb un programa anomenat Scratch. Abans de comen\u00e7ar amb el c\u00f2mic, vam utilitzar el programa per saber com funcionava. Seguidament, per grups vam pensar la hist\u00f2ria del c\u00f2mic i ho vam escriure i dibuixar en un full. Per \u00faltim, vam crear el c\u00f2mic al programa Scratch.<br \/>\nAra us deixem el recull dels diferents c\u00f2mics que hem creat. Esperem que us agradin!<\/p>\n<p><iframe loading=\"lazy\" src=\"https:\/\/scratch.mit.edu\/projects\/532216826\/embed\" width=\"485\" height=\"402\" frameborder=\"0\"><\/iframe>\u00a0 <strong>M\u00edriam, Marc i Arnau<\/strong><\/p>\n<p><iframe loading=\"lazy\" src=\"https:\/\/scratch.mit.edu\/projects\/532217076\/embed\" width=\"485\" height=\"402\" frameborder=\"0\"><\/iframe>\u00a0 <strong>Ares, Oriol, Pau<\/strong><\/p>\n<p><iframe loading=\"lazy\" src=\"https:\/\/scratch.mit.edu\/projects\/532217205\/embed\" width=\"485\" height=\"402\" frameborder=\"0\"><\/iframe>\u00a0 <strong>Axel, Adri\u00e0, Paula i Aran<\/strong><\/p>\n<p><iframe loading=\"lazy\" src=\"https:\/\/scratch.mit.edu\/projects\/532217333\/embed\" width=\"485\" height=\"402\" frameborder=\"0\"><\/iframe> <strong>Duna, Jan i Ousman<\/strong><\/p>\n<p><iframe loading=\"lazy\" src=\"https:\/\/scratch.mit.edu\/projects\/532217460\/embed\" width=\"485\" height=\"402\" frameborder=\"0\"><\/iframe>\u00a0 \u00a0<strong>Isaac i Die<\/strong><\/p>\n<p><iframe loading=\"lazy\" src=\"https:\/\/scratch.mit.edu\/projects\/532217597\/embed\" width=\"485\" height=\"402\" frameborder=\"0\"><\/iframe>\u00a0 <strong>Martina i Pol<\/strong><\/p>\n","protected":false},"excerpt":{"rendered":"<p>Benvolgudes fam\u00edlies,<br \/>\nAquest tercer trimestre, a catal\u00e0, hem treballat la tipologia textual del c\u00f2mic amb un programa anomenat Scratch. Abans de comen\u00e7ar amb el c\u00f2mic, vam utilitzar el programa per saber com funcionava. Seguidament, per grups vam pensar la hist\u00f2ria del c\u00f2mic i ho vam escriure&hellip;  <a href=\"https:\/\/agora.xtec.cat\/esc-teresabergada\/general\/el-comic-amb-scratch\/\" title=\"Read El c\u00f2mic amb scratch\">Llegeix m\u00e9s\u00bb<\/a><\/p>\n","protected":false},"author":1,"featured_media":0,"comment_status":"open","ping_status":"closed","sticky":false,"template":"","format":"standard","meta":{"_bbp_topic_count":0,"_bbp_reply_count":0,"_bbp_total_topic_count":0,"_bbp_total_reply_count":0,"_bbp_voice_count":0,"_bbp_anonymous_reply_count":0,"_bbp_topic_count_hidden":0,"_bbp_reply_count_hidden":0,"_bbp_forum_subforum_count":0,"footnotes":""},"categories":[349,1],"tags":[],"class_list":["post-9613","post","type-post","status-publish","format-standard","hentry","category-5e","category-general"],"post_mailing_queue_ids":[],"_links":{"self":[{"href":"https:\/\/agora.xtec.cat\/esc-teresabergada\/wp-json\/wp\/v2\/posts\/9613","targetHints":{"allow":["GET"]}}],"collection":[{"href":"https:\/\/agora.xtec.cat\/esc-teresabergada\/wp-json\/wp\/v2\/posts"}],"about":[{"href":"https:\/\/agora.xtec.cat\/esc-teresabergada\/wp-json\/wp\/v2\/types\/post"}],"author":[{"embeddable":true,"href":"https:\/\/agora.xtec.cat\/esc-teresabergada\/wp-json\/wp\/v2\/users\/1"}],"replies":[{"embeddable":true,"href":"https:\/\/agora.xtec.cat\/esc-teresabergada\/wp-json\/wp\/v2\/comments?post=9613"}],"version-history":[{"count":1,"href":"https:\/\/agora.xtec.cat\/esc-teresabergada\/wp-json\/wp\/v2\/posts\/9613\/revisions"}],"predecessor-version":[{"id":9614,"href":"https:\/\/agora.xtec.cat\/esc-teresabergada\/wp-json\/wp\/v2\/posts\/9613\/revisions\/9614"}],"wp:attachment":[{"href":"https:\/\/agora.xtec.cat\/esc-teresabergada\/wp-json\/wp\/v2\/media?parent=9613"}],"wp:term":[{"taxonomy":"category","embeddable":true,"href":"https:\/\/agora.xtec.cat\/esc-teresabergada\/wp-json\/wp\/v2\/categories?post=9613"},{"taxonomy":"post_tag","embeddable":true,"href":"https:\/\/agora.xtec.cat\/esc-teresabergada\/wp-json\/wp\/v2\/tags?post=9613"}],"curies":[{"name":"wp","href":"https:\/\/api.w.org\/{rel}","templated":true}]}}