{"id":9596,"date":"2021-06-21T15:17:01","date_gmt":"2021-06-21T13:17:01","guid":{"rendered":"http:\/\/agora.xtec.cat\/esc-teresabergada\/?p=9596"},"modified":"2021-09-17T09:24:55","modified_gmt":"2021-09-17T07:24:55","slug":"projecte-de-catalunya-2","status":"publish","type":"post","link":"https:\/\/agora.xtec.cat\/esc-teresabergada\/general\/projecte-de-catalunya-2\/","title":{"rendered":"Projecte de Catalunya"},"content":{"rendered":"<p>Benvolgudes fam\u00edlies,<\/p>\n<p>Ara s\u00ed que s\u00ed, el final de curs el tenim a tocar i us volem mostrar el resultat del nostre Projecte.<\/p>\n<p>Fins l&#8217;\u00faltim dia ha estat al forn, per\u00f2 avui ja l&#8217;hem pogut tastar a la classe tots junts, i ens ha fet sentir GRANS.<\/p>\n<p>Com b\u00e9 ens diu la Gisela al final del v\u00eddeo, d&#8217;aquest i de tots els projectes en treiem molts aprenentatges, i alguns serem capa\u00e7os d&#8217;explicar-los. D&#8217;altres, es quedaran integrats al nostre interior i no sabrem que hi s\u00f3n fins que, pel que sigui, descobrirem aquest nou saber, i ens adonarem de quan vam aprendre-ho.<\/p>\n<p>Tot a la vida ens serveix per omplir la nostra motxilla de viv\u00e8ncies, i el record \u00e9s el que mant\u00e9 viva l&#8217;experi\u00e8ncia. Per aquest motiu us volem mostrar el nostre treball, per a qu\u00e8, tots junts, ho puguem gaudir.<\/p>\n<p>El Projecte de Catalunya ha estat molt bonic. Esperem que us agradi tant la presentaci\u00f3 a vosaltres, com a nosaltres realitzar-la (feu clic a la imatge).<\/p>\n<p>Bon estiu, fam\u00edlies!<\/p>\n<p><a href=\"https:\/\/photos.app.goo.gl\/ZuaaHcrVaSTmBbc67\" target=\"_blank\" rel=\"noopener noreferrer\"><img loading=\"lazy\" decoding=\"async\" class=\"aligncenter wp-image-9597 size-medium\" src=\"https:\/\/agora.xtec.cat\/esc-teresabergada\/wp-content\/uploads\/usu1533\/2021\/06\/WhatsApp-Image-2021-06-21-at-15.08.40-300x300.jpeg\" alt=\"\" width=\"300\" height=\"300\" \/><\/a><\/p>\n","protected":false},"excerpt":{"rendered":"<p>Benvolgudes fam\u00edlies,<br \/>\nAra s\u00ed que s\u00ed, el final de curs el tenim a tocar i us volem mostrar el resultat del nostre Projecte.<br \/>\nFins l&#8217;\u00faltim dia ha estat al forn, per\u00f2 avui ja l&#8217;hem pogut tastar a la classe tots junts, i ens ha fet sentir GRANS.<br \/>\nCom&hellip;  <a href=\"https:\/\/agora.xtec.cat\/esc-teresabergada\/general\/projecte-de-catalunya-2\/\" title=\"Read Projecte de Catalunya\">Llegeix m\u00e9s\u00bb<\/a><\/p>\n","protected":false},"author":37,"featured_media":0,"comment_status":"open","ping_status":"closed","sticky":false,"template":"","format":"standard","meta":{"_bbp_topic_count":0,"_bbp_reply_count":0,"_bbp_total_topic_count":0,"_bbp_total_reply_count":0,"_bbp_voice_count":0,"_bbp_anonymous_reply_count":0,"_bbp_topic_count_hidden":0,"_bbp_reply_count_hidden":0,"_bbp_forum_subforum_count":0,"footnotes":""},"categories":[349,392,1],"tags":[],"class_list":["post-9596","post","type-post","status-publish","format-standard","hentry","category-5e","category-catalunya","category-general"],"post_mailing_queue_ids":[],"_links":{"self":[{"href":"https:\/\/agora.xtec.cat\/esc-teresabergada\/wp-json\/wp\/v2\/posts\/9596","targetHints":{"allow":["GET"]}}],"collection":[{"href":"https:\/\/agora.xtec.cat\/esc-teresabergada\/wp-json\/wp\/v2\/posts"}],"about":[{"href":"https:\/\/agora.xtec.cat\/esc-teresabergada\/wp-json\/wp\/v2\/types\/post"}],"author":[{"embeddable":true,"href":"https:\/\/agora.xtec.cat\/esc-teresabergada\/wp-json\/wp\/v2\/users\/37"}],"replies":[{"embeddable":true,"href":"https:\/\/agora.xtec.cat\/esc-teresabergada\/wp-json\/wp\/v2\/comments?post=9596"}],"version-history":[{"count":2,"href":"https:\/\/agora.xtec.cat\/esc-teresabergada\/wp-json\/wp\/v2\/posts\/9596\/revisions"}],"predecessor-version":[{"id":9599,"href":"https:\/\/agora.xtec.cat\/esc-teresabergada\/wp-json\/wp\/v2\/posts\/9596\/revisions\/9599"}],"wp:attachment":[{"href":"https:\/\/agora.xtec.cat\/esc-teresabergada\/wp-json\/wp\/v2\/media?parent=9596"}],"wp:term":[{"taxonomy":"category","embeddable":true,"href":"https:\/\/agora.xtec.cat\/esc-teresabergada\/wp-json\/wp\/v2\/categories?post=9596"},{"taxonomy":"post_tag","embeddable":true,"href":"https:\/\/agora.xtec.cat\/esc-teresabergada\/wp-json\/wp\/v2\/tags?post=9596"}],"curies":[{"name":"wp","href":"https:\/\/api.w.org\/{rel}","templated":true}]}}