{"id":9594,"date":"2021-06-21T18:08:44","date_gmt":"2021-06-21T16:08:44","guid":{"rendered":"http:\/\/agora.xtec.cat\/esc-teresabergada\/?p=9594"},"modified":"2022-07-11T12:32:40","modified_gmt":"2022-07-11T10:32:40","slug":"presentacio-projecte-dhistoria-moderna-i-contemporania","status":"publish","type":"post","link":"https:\/\/agora.xtec.cat\/esc-teresabergada\/blocs-de-primaria\/6e\/presentacio-projecte-dhistoria-moderna-i-contemporania\/","title":{"rendered":"Presentaci\u00f3 PROJECTE d&#8217;HIST\u00d2RIA moderna i contempor\u00e0nia"},"content":{"rendered":"<p dir=\"ltr\" style=\"line-height: 1.7999999999999998; text-align: justify; margin-top: 0pt; margin-bottom: 0pt;\"><span style=\"font-size: 12pt; font-family: Calibri, sans-serif; color: #000000; background-color: transparent; font-weight: 400; font-style: normal; font-variant-ligatures: normal; font-variant-caps: normal; font-variant-east-asian: normal; font-variant-position: normal; text-decoration: none; vertical-align: baseline; white-space: pre-wrap;\">Sembla que fos ahir quan vam iniciar aquest segon projecte del curs; un <em>viatge en el temps<\/em>, concretament, <em>a l\u2019edat moderna i contempor\u00e0nia<\/em>.\u00a0<\/span><\/p>\n<p dir=\"ltr\" style=\"line-height: 1.7999999999999998; text-align: justify; margin-top: 0pt; margin-bottom: 0pt;\"><span style=\"font-size: 12pt; font-family: Calibri, sans-serif; color: #000000; background-color: transparent; font-weight: 400; font-style: normal; font-variant-ligatures: normal; font-variant-caps: normal; font-variant-east-asian: normal; font-variant-position: normal; text-decoration: none; vertical-align: baseline; white-space: pre-wrap;\">El producte final per concloure aquest projecte era la tan esperada presentaci\u00f3 a les fam\u00edlies. Encara que no ha sigut possible, no hem volgut perdre l\u2019oportunitat de fer-vos arribar com hem apr\u00e8s al llarg d\u2019aquests quatre mesos tot preparant aquest v\u00eddeo i, sobretot, fer-vos arribar el missatge que tant ens ha calat durant aquest temps: <\/span><\/p>\n<p dir=\"ltr\" style=\"line-height: 1.7999999999999998; text-align: justify; margin-top: 0pt; margin-bottom: 0pt;\"><span style=\"font-size: 12pt; font-family: Calibri, sans-serif; color: #000000; background-color: transparent; font-weight: 400; font-style: normal; font-variant-ligatures: normal; font-variant-caps: normal; font-variant-east-asian: normal; font-variant-position: normal; text-decoration: none; vertical-align: baseline; white-space: pre-wrap;\">\u201c<strong>aprenem del passat i vivim el present per construir un futur millor<\/strong>\u201d.<\/span><\/p>\n<p dir=\"ltr\" style=\"line-height: 1.7999999999999998; text-align: justify; margin-top: 0pt; margin-bottom: 0pt;\"><span style=\"font-size: 12pt; font-family: Calibri, sans-serif; color: #000000; background-color: transparent; font-weight: 400; font-style: normal; font-variant-ligatures: normal; font-variant-caps: normal; font-variant-east-asian: normal; font-variant-position: normal; text-decoration: none; vertical-align: baseline; white-space: pre-wrap;\">Esperem que gaudiu d&#8217;aquesta gravaci\u00f3.<\/span><\/p>\n<p>&nbsp;<\/p>\n","protected":false},"excerpt":{"rendered":"<p>Sembla que fos ahir quan vam iniciar aquest segon projecte del curs; un viatge en el temps, concretament, a l\u2019edat moderna i contempor\u00e0nia.\u00a0<br \/>\nEl producte final per concloure aquest projecte era la tan esperada presentaci\u00f3 a les fam\u00edlies. Encara que no ha sigut possible, no hem&hellip;  <a href=\"https:\/\/agora.xtec.cat\/esc-teresabergada\/blocs-de-primaria\/6e\/presentacio-projecte-dhistoria-moderna-i-contemporania\/\" title=\"Read Presentaci\u00f3 PROJECTE d&#8217;HIST\u00d2RIA moderna i contempor\u00e0nia\">Llegeix m\u00e9s\u00bb<\/a><\/p>\n","protected":false},"author":1,"featured_media":9595,"comment_status":"open","ping_status":"closed","sticky":false,"template":"","format":"standard","meta":{"_bbp_topic_count":0,"_bbp_reply_count":0,"_bbp_total_topic_count":0,"_bbp_total_reply_count":0,"_bbp_voice_count":0,"_bbp_anonymous_reply_count":0,"_bbp_topic_count_hidden":0,"_bbp_reply_count_hidden":0,"_bbp_forum_subforum_count":0,"footnotes":""},"categories":[240],"tags":[335,585,559],"class_list":["post-9594","post","type-post","status-publish","format-standard","has-post-thumbnail","hentry","category-6e","tag-aprenem-junts","tag-families-implicades","tag-projecte-historia"],"post_mailing_queue_ids":[],"_links":{"self":[{"href":"https:\/\/agora.xtec.cat\/esc-teresabergada\/wp-json\/wp\/v2\/posts\/9594","targetHints":{"allow":["GET"]}}],"collection":[{"href":"https:\/\/agora.xtec.cat\/esc-teresabergada\/wp-json\/wp\/v2\/posts"}],"about":[{"href":"https:\/\/agora.xtec.cat\/esc-teresabergada\/wp-json\/wp\/v2\/types\/post"}],"author":[{"embeddable":true,"href":"https:\/\/agora.xtec.cat\/esc-teresabergada\/wp-json\/wp\/v2\/users\/1"}],"replies":[{"embeddable":true,"href":"https:\/\/agora.xtec.cat\/esc-teresabergada\/wp-json\/wp\/v2\/comments?post=9594"}],"version-history":[{"count":3,"href":"https:\/\/agora.xtec.cat\/esc-teresabergada\/wp-json\/wp\/v2\/posts\/9594\/revisions"}],"predecessor-version":[{"id":10939,"href":"https:\/\/agora.xtec.cat\/esc-teresabergada\/wp-json\/wp\/v2\/posts\/9594\/revisions\/10939"}],"wp:featuredmedia":[{"embeddable":true,"href":"https:\/\/agora.xtec.cat\/esc-teresabergada\/wp-json\/wp\/v2\/media\/9595"}],"wp:attachment":[{"href":"https:\/\/agora.xtec.cat\/esc-teresabergada\/wp-json\/wp\/v2\/media?parent=9594"}],"wp:term":[{"taxonomy":"category","embeddable":true,"href":"https:\/\/agora.xtec.cat\/esc-teresabergada\/wp-json\/wp\/v2\/categories?post=9594"},{"taxonomy":"post_tag","embeddable":true,"href":"https:\/\/agora.xtec.cat\/esc-teresabergada\/wp-json\/wp\/v2\/tags?post=9594"}],"curies":[{"name":"wp","href":"https:\/\/api.w.org\/{rel}","templated":true}]}}