{"id":9551,"date":"2021-06-11T14:56:11","date_gmt":"2021-06-11T12:56:11","guid":{"rendered":"http:\/\/agora.xtec.cat\/esc-teresabergada\/?p=9551"},"modified":"2022-07-11T12:20:24","modified_gmt":"2022-07-11T10:20:24","slug":"proximament-projecte-dhistoria","status":"publish","type":"post","link":"https:\/\/agora.xtec.cat\/esc-teresabergada\/blocs-de-primaria\/6e\/proximament-projecte-dhistoria\/","title":{"rendered":"Pr\u00f2ximament&#8230; PROJECTE D&#8217;HIST\u00d2RIA"},"content":{"rendered":"<p style=\"text-align: justify;\">Alumnes i mestres de cinqu\u00e8 ja hem comen\u00e7at a preparar la presentaci\u00f3 d&#8217;aquest segon projecte del curs, Hist\u00f2ria moderna i contempor\u00e0nia. Per les mesures COVID no podem compartir presencialment aquest moment amb les nostres fam\u00edlies, per\u00f2 la il\u00b7lusi\u00f3 i les ganes no ens aturen! \u00c9s per aix\u00f2 que en podreu gaudir igualment a partir del v\u00eddeo que gravarem.<\/p>\n<p style=\"text-align: justify;\">\n<p>&nbsp;<\/p>\n","protected":false},"excerpt":{"rendered":"<p>Alumnes i mestres de cinqu\u00e8 ja hem comen\u00e7at a preparar la presentaci\u00f3 d&#8217;aquest segon projecte del curs, Hist\u00f2ria moderna i contempor\u00e0nia. Per les mesures COVID no podem compartir presencialment aquest moment amb les nostres fam\u00edlies, per\u00f2 la il\u00b7lusi\u00f3 i les ganes no ens aturen! \u00c9s&hellip;  <a href=\"https:\/\/agora.xtec.cat\/esc-teresabergada\/blocs-de-primaria\/6e\/proximament-projecte-dhistoria\/\" title=\"Read Pr\u00f2ximament&#8230; PROJECTE D&#8217;HIST\u00d2RIA\">Llegeix m\u00e9s\u00bb<\/a><\/p>\n","protected":false},"author":1,"featured_media":9552,"comment_status":"open","ping_status":"closed","sticky":false,"template":"","format":"standard","meta":{"_bbp_topic_count":0,"_bbp_reply_count":0,"_bbp_total_topic_count":0,"_bbp_total_reply_count":0,"_bbp_voice_count":0,"_bbp_anonymous_reply_count":0,"_bbp_topic_count_hidden":0,"_bbp_reply_count_hidden":0,"_bbp_forum_subforum_count":0,"footnotes":""},"categories":[240],"tags":[333,559],"class_list":["post-9551","post","type-post","status-publish","format-standard","has-post-thumbnail","hentry","category-6e","tag-aprenentatge-significatiu","tag-projecte-historia"],"post_mailing_queue_ids":[],"_links":{"self":[{"href":"https:\/\/agora.xtec.cat\/esc-teresabergada\/wp-json\/wp\/v2\/posts\/9551","targetHints":{"allow":["GET"]}}],"collection":[{"href":"https:\/\/agora.xtec.cat\/esc-teresabergada\/wp-json\/wp\/v2\/posts"}],"about":[{"href":"https:\/\/agora.xtec.cat\/esc-teresabergada\/wp-json\/wp\/v2\/types\/post"}],"author":[{"embeddable":true,"href":"https:\/\/agora.xtec.cat\/esc-teresabergada\/wp-json\/wp\/v2\/users\/1"}],"replies":[{"embeddable":true,"href":"https:\/\/agora.xtec.cat\/esc-teresabergada\/wp-json\/wp\/v2\/comments?post=9551"}],"version-history":[{"count":2,"href":"https:\/\/agora.xtec.cat\/esc-teresabergada\/wp-json\/wp\/v2\/posts\/9551\/revisions"}],"predecessor-version":[{"id":10933,"href":"https:\/\/agora.xtec.cat\/esc-teresabergada\/wp-json\/wp\/v2\/posts\/9551\/revisions\/10933"}],"wp:featuredmedia":[{"embeddable":true,"href":"https:\/\/agora.xtec.cat\/esc-teresabergada\/wp-json\/wp\/v2\/media\/9552"}],"wp:attachment":[{"href":"https:\/\/agora.xtec.cat\/esc-teresabergada\/wp-json\/wp\/v2\/media?parent=9551"}],"wp:term":[{"taxonomy":"category","embeddable":true,"href":"https:\/\/agora.xtec.cat\/esc-teresabergada\/wp-json\/wp\/v2\/categories?post=9551"},{"taxonomy":"post_tag","embeddable":true,"href":"https:\/\/agora.xtec.cat\/esc-teresabergada\/wp-json\/wp\/v2\/tags?post=9551"}],"curies":[{"name":"wp","href":"https:\/\/api.w.org\/{rel}","templated":true}]}}