{"id":9544,"date":"2021-06-09T17:27:51","date_gmt":"2021-06-09T15:27:51","guid":{"rendered":"http:\/\/agora.xtec.cat\/esc-teresabergada\/?p=9544"},"modified":"2022-07-11T12:19:24","modified_gmt":"2022-07-11T10:19:24","slug":"setmana-dactivitats-a-barcelona","status":"publish","type":"post","link":"https:\/\/agora.xtec.cat\/esc-teresabergada\/blocs-de-primaria\/6e\/setmana-dactivitats-a-barcelona\/","title":{"rendered":"SETMANA D&#8217;ACTIVITATS A BARCELONA"},"content":{"rendered":"<p style=\"text-align: justify;\">La setmana de 31 de maig al 4 de juny ha sigut una de les m\u00e9s divertides del curs perqu\u00e8 vam anar a Cant\u00e0nia i tamb\u00e9 de col\u00f2nies.<\/p>\n<p style=\"text-align: justify;\">El dilluns 31 de maig alguns de la classe vam anar a l&#8217;Auditori de Barcelona per cantar i ballar les can\u00e7ons de la cantata VIRTUAL. A les 12:00h vam arribar a la ciutat i vam quedar-nos en un parc on vam jugar i dinar. A les 14:30h va comen\u00e7ar l&#8217;assaig general i a les 16:00 va comen\u00e7ar el concert. Quan vam acabar, ja vam marxar i cap a les 19:00h vam arribar a Alguaire.<\/p>\n<p style=\"text-align: justify;\">El dimecres 2 i 3 de juny vam marxar de col\u00f2nies! La primera parada en arribar a Barcelona va tenir lloc al Castell de Montju\u00efc. La boira ens va espatllar una mica l&#8217;activitat, doncs consistia en trobar carrers i monuments importants i les vistes no eren massa bones. Despr\u00e9s de dinar vam visitar el Museu Blau tot fent una gimcana buscant resposta a preguntes de: l&#8217;evoluci\u00f3 de l&#8217;Univers, animals (dissecats o r\u00e8pliques), minerals&#8230; Per acabar la visita vam anar a la sala dedicada a les dones cient\u00edfiques i all\u00ed vam poder escriure un missatge contestant a all\u00f2 qu\u00e8 voldr\u00edem ser de grans. El dia seg\u00fcent pel mat\u00ed ja vam preparar maletes i vam dirigir-nos cap al Park G\u00fcell per fer una cacera del tresor.<\/p>\n<p>Ens ho vam passar molt b\u00e9!!<\/p>\n<p><a href=\"https:\/\/agora.xtec.cat\/esc-teresabergada\/wp-content\/uploads\/usu1533\/2021\/06\/20210531_155730-min.jpg\"><img loading=\"lazy\" decoding=\"async\" class=\"aligncenter wp-image-9549\" src=\"https:\/\/agora.xtec.cat\/esc-teresabergada\/wp-content\/uploads\/usu1533\/2021\/06\/20210531_155730-min.jpg\" alt=\"\" width=\"531\" height=\"298\" \/><\/a><\/p>\n<p>&nbsp;<\/p>\n<p>&nbsp;<\/p>\n","protected":false},"excerpt":{"rendered":"<p>La setmana de 31 de maig al 4 de juny ha sigut una de les m\u00e9s divertides del curs perqu\u00e8 vam anar a Cant\u00e0nia i tamb\u00e9 de col\u00f2nies.<br \/>\nEl dilluns 31 de maig alguns de la classe vam anar a l&#8217;Auditori de Barcelona per cantar i&hellip;  <a href=\"https:\/\/agora.xtec.cat\/esc-teresabergada\/blocs-de-primaria\/6e\/setmana-dactivitats-a-barcelona\/\" title=\"Read SETMANA D&#8217;ACTIVITATS A BARCELONA\">Llegeix m\u00e9s\u00bb<\/a><\/p>\n","protected":false},"author":1,"featured_media":0,"comment_status":"open","ping_status":"closed","sticky":false,"template":"","format":"standard","meta":{"_bbp_topic_count":0,"_bbp_reply_count":0,"_bbp_total_topic_count":0,"_bbp_total_reply_count":0,"_bbp_voice_count":0,"_bbp_anonymous_reply_count":0,"_bbp_topic_count_hidden":0,"_bbp_reply_count_hidden":0,"_bbp_forum_subforum_count":0,"footnotes":""},"categories":[240],"tags":[413,559,123],"class_list":["post-9544","post","type-post","status-publish","format-standard","hentry","category-6e","tag-camp-daprenentatge","tag-projecte-historia","tag-sortida"],"post_mailing_queue_ids":[],"_links":{"self":[{"href":"https:\/\/agora.xtec.cat\/esc-teresabergada\/wp-json\/wp\/v2\/posts\/9544","targetHints":{"allow":["GET"]}}],"collection":[{"href":"https:\/\/agora.xtec.cat\/esc-teresabergada\/wp-json\/wp\/v2\/posts"}],"about":[{"href":"https:\/\/agora.xtec.cat\/esc-teresabergada\/wp-json\/wp\/v2\/types\/post"}],"author":[{"embeddable":true,"href":"https:\/\/agora.xtec.cat\/esc-teresabergada\/wp-json\/wp\/v2\/users\/1"}],"replies":[{"embeddable":true,"href":"https:\/\/agora.xtec.cat\/esc-teresabergada\/wp-json\/wp\/v2\/comments?post=9544"}],"version-history":[{"count":3,"href":"https:\/\/agora.xtec.cat\/esc-teresabergada\/wp-json\/wp\/v2\/posts\/9544\/revisions"}],"predecessor-version":[{"id":10932,"href":"https:\/\/agora.xtec.cat\/esc-teresabergada\/wp-json\/wp\/v2\/posts\/9544\/revisions\/10932"}],"wp:attachment":[{"href":"https:\/\/agora.xtec.cat\/esc-teresabergada\/wp-json\/wp\/v2\/media?parent=9544"}],"wp:term":[{"taxonomy":"category","embeddable":true,"href":"https:\/\/agora.xtec.cat\/esc-teresabergada\/wp-json\/wp\/v2\/categories?post=9544"},{"taxonomy":"post_tag","embeddable":true,"href":"https:\/\/agora.xtec.cat\/esc-teresabergada\/wp-json\/wp\/v2\/tags?post=9544"}],"curies":[{"name":"wp","href":"https:\/\/api.w.org\/{rel}","templated":true}]}}