{"id":9507,"date":"2021-06-05T09:36:01","date_gmt":"2021-06-05T07:36:01","guid":{"rendered":"http:\/\/agora.xtec.cat\/esc-teresabergada\/?p=9507"},"modified":"2021-06-09T11:02:04","modified_gmt":"2021-06-09T09:02:04","slug":"cantania-virtual-2","status":"publish","type":"post","link":"https:\/\/agora.xtec.cat\/esc-teresabergada\/portada\/cantania-virtual-2\/","title":{"rendered":"CANT\u00c0NIA: VIRTU@L"},"content":{"rendered":"<p style=\"text-align: justify;\"><span style=\"font-weight: 400;\">Els nens i les nenes de cinqu\u00e8 han explorat el m\u00f3n virtual amb en Marcel i la Gina. Aquest m\u00f3n ha estat transm\u00e8s a trav\u00e9s de les seves veus gr\u00e0cies a la cantanta que s\u2019ha preparat des de <strong>CANT\u00c0NIA<\/strong>.<\/span><\/p>\n<table class=\" aligncenter\" style=\"height: 67px; background-color: #a5c7fa; width: 921px; border-color: #ffffff;\" width=\"921\">\n<tbody>\n<tr style=\"height: 48px;\">\n<td style=\"width: 915px; text-align: center; height: 48px;\"><strong><em>En Marcel estava trist a causa de la separaci\u00f3 dels seus pares, per\u00f2 s\u2019havia refugiat als aparells electr\u00f2nics que ens envolten en el segle XXI. Amb la seva assistenta virtual, la Sara, ha conegut camins nous que l\u2019han canviat per sempre; per\u00f2, ser\u00e0 bo pel Marcel?\u00a0<\/em><\/strong><\/td>\n<\/tr>\n<\/tbody>\n<\/table>\n<p style=\"text-align: justify;\"><span style=\"font-weight: 400;\">L\u2019alumnat ha expressat aquesta situaci\u00f3 mitjan\u00e7ant la <strong>m\u00fasica<\/strong> acompanyants d\u2019altres escoles que han participat. Junts hem viscut aquesta experi\u00e8ncia i\u2026 hem vist que \u2018\u2019la m\u00fasica \u00e9s la forma m\u00e9s forta de m\u00e0gia que existeix al m\u00f3n\u2019\u2019 (Marilyn Manson).<\/span><\/p>\n<p style=\"text-align: justify;\"><span style=\"font-weight: 400;\">Els nens, les nenes, les mestres, els pares i les mares han gaudit la cantata a l\u2019Auditori de Barcelona amb molta il\u00b7lusi\u00f3.<\/span><\/p>\n<p><span style=\"font-weight: 400;\"><a href=\"https:\/\/agora.xtec.cat\/esc-teresabergada\/wp-content\/uploads\/usu1533\/2021\/06\/20210531_143108-min.jpg\"><img loading=\"lazy\" decoding=\"async\" class=\"alignnone wp-image-9517 aligncenter\" src=\"https:\/\/agora.xtec.cat\/esc-teresabergada\/wp-content\/uploads\/usu1533\/2021\/06\/20210531_143108-min-1024x576.jpg\" alt=\"\" width=\"439\" height=\"247\" \/><\/a><\/span><\/p>\n<p><span style=\"font-weight: 400;\"><a href=\"https:\/\/agora.xtec.cat\/esc-teresabergada\/wp-content\/uploads\/usu1533\/2021\/06\/20210531_143216-min.jpg\"><img loading=\"lazy\" decoding=\"async\" class=\"alignnone wp-image-9516 aligncenter\" src=\"https:\/\/agora.xtec.cat\/esc-teresabergada\/wp-content\/uploads\/usu1533\/2021\/06\/20210531_143216-min-1024x576.jpg\" alt=\"\" width=\"439\" height=\"247\" \/><\/a><\/span><\/p>\n<p>&nbsp;<\/p>\n<p><span style=\"font-weight: 400;\"><a href=\"https:\/\/agora.xtec.cat\/esc-teresabergada\/wp-content\/uploads\/usu1533\/2021\/06\/IMG-20210531-WA0045.jpg\"><img loading=\"lazy\" decoding=\"async\" class=\"alignnone size-large wp-image-9508\" src=\"https:\/\/agora.xtec.cat\/esc-teresabergada\/wp-content\/uploads\/usu1533\/2021\/06\/IMG-20210531-WA0045-1024x768.jpg\" alt=\"\" width=\"1024\" height=\"768\" \/><\/a><\/span><\/p>\n<p>&nbsp;<\/p>\n<p style=\"text-align: justify;\">\n","protected":false},"excerpt":{"rendered":"<p>Els nens i les nenes de cinqu\u00e8 han explorat el m\u00f3n virtual amb en Marcel i la Gina. Aquest m\u00f3n ha estat transm\u00e8s a trav\u00e9s de les seves veus gr\u00e0cies a la cantanta que s\u2019ha preparat des de CANT\u00c0NIA.<\/p>\n<p>En Marcel estava trist a causa de&hellip;  <a href=\"https:\/\/agora.xtec.cat\/esc-teresabergada\/portada\/cantania-virtual-2\/\" title=\"Read CANT\u00c0NIA: VIRTU@L\">Llegeix m\u00e9s\u00bb<\/a><\/p>\n","protected":false},"author":1,"featured_media":0,"comment_status":"open","ping_status":"closed","sticky":false,"template":"","format":"standard","meta":{"_bbp_topic_count":0,"_bbp_reply_count":0,"_bbp_total_topic_count":0,"_bbp_total_reply_count":0,"_bbp_voice_count":0,"_bbp_anonymous_reply_count":0,"_bbp_topic_count_hidden":0,"_bbp_reply_count_hidden":0,"_bbp_forum_subforum_count":0,"footnotes":""},"categories":[104,4],"tags":[316,200,581,582],"class_list":["post-9507","post","type-post","status-publish","format-standard","hentry","category-musica","category-portada","tag-auditori","tag-cantania","tag-cantania-2021","tag-virtul"],"post_mailing_queue_ids":[],"_links":{"self":[{"href":"https:\/\/agora.xtec.cat\/esc-teresabergada\/wp-json\/wp\/v2\/posts\/9507","targetHints":{"allow":["GET"]}}],"collection":[{"href":"https:\/\/agora.xtec.cat\/esc-teresabergada\/wp-json\/wp\/v2\/posts"}],"about":[{"href":"https:\/\/agora.xtec.cat\/esc-teresabergada\/wp-json\/wp\/v2\/types\/post"}],"author":[{"embeddable":true,"href":"https:\/\/agora.xtec.cat\/esc-teresabergada\/wp-json\/wp\/v2\/users\/1"}],"replies":[{"embeddable":true,"href":"https:\/\/agora.xtec.cat\/esc-teresabergada\/wp-json\/wp\/v2\/comments?post=9507"}],"version-history":[{"count":3,"href":"https:\/\/agora.xtec.cat\/esc-teresabergada\/wp-json\/wp\/v2\/posts\/9507\/revisions"}],"predecessor-version":[{"id":9546,"href":"https:\/\/agora.xtec.cat\/esc-teresabergada\/wp-json\/wp\/v2\/posts\/9507\/revisions\/9546"}],"wp:attachment":[{"href":"https:\/\/agora.xtec.cat\/esc-teresabergada\/wp-json\/wp\/v2\/media?parent=9507"}],"wp:term":[{"taxonomy":"category","embeddable":true,"href":"https:\/\/agora.xtec.cat\/esc-teresabergada\/wp-json\/wp\/v2\/categories?post=9507"},{"taxonomy":"post_tag","embeddable":true,"href":"https:\/\/agora.xtec.cat\/esc-teresabergada\/wp-json\/wp\/v2\/tags?post=9507"}],"curies":[{"name":"wp","href":"https:\/\/api.w.org\/{rel}","templated":true}]}}