{"id":9451,"date":"2021-05-27T13:07:36","date_gmt":"2021-05-27T11:07:36","guid":{"rendered":"http:\/\/agora.xtec.cat\/esc-teresabergada\/?p=9451"},"modified":"2022-07-11T10:46:49","modified_gmt":"2022-07-11T08:46:49","slug":"comiat-natalia","status":"publish","type":"post","link":"https:\/\/agora.xtec.cat\/esc-teresabergada\/blocs-de-primaria\/3r\/comiat-natalia\/","title":{"rendered":"COMIAT NAT\u00c0LIA!"},"content":{"rendered":"<h4>Durant el mes d\u2019octubre del 2020 va venir una practicant que es deia Nat\u00e0lia a la nostra classe perqu\u00e8 vol ser professora d\u2019educaci\u00f3 f\u00edsica!<\/h4>\n<h4>Despr\u00e9s de molts mesos amb nosaltres, el dia 17 de maig, va acabar les pr\u00e0ctiques i ens vam haver d&#8217;acomiadar.\ud83d\ude22<\/h4>\n<h4>Per\u00f2 tornant enrere en el temps&#8230;\u231b\u231a\ud83d\udd70\ud83d\udd58<\/h4>\n<h4>La Nat\u00e0lia ens ha preparat i fet moltes classes com: matem\u00e0tiques, catal\u00e0, castell\u00e0, quadern d\u2019escriptura, projecte,&#8230;i fins i tot va venir de col\u00f2nies amb nosaltres!\ud83c\udfd6<\/h4>\n<h4>Durant molts dies li vam estar preparant un quadern\u00a0 de records. A la portada vam posar el seu nom amb lletres de goma eva de diferents colors. Despr\u00e9s, cadasc\u00fa li vam fer un dibuix, un recull de fotos i un petit escrit.<\/h4>\n<h4>El dilluns a la tarda vam fer-li el comiat.\u00a0Primer li vam donar el regal de tota la classe, el quadern de records. Quan el va obrir es va emocionar molt! Sempre plora quan li fem sorpreses boniques!\ud83d\udc9c\ud83d\ude0d\ud83d\ude0aAl final, ella tamb\u00e9 ens va fer un detall a cadasc\u00fa de nosaltres: una foto de grup dedicada i un clauer d&#8217;un emoji\ud83d\udc4f\ud83d\udc4f\ud83d\udc4f\ud83d\udc4f<\/h4>\n<h4><a href=\"https:\/\/agora.xtec.cat\/esc-teresabergada\/wp-content\/uploads\/usu1533\/2021\/05\/IMG_20210517_155711_393_2.jpg\"><img loading=\"lazy\" decoding=\"async\" class=\"alignnone wp-image-9454\" src=\"https:\/\/agora.xtec.cat\/esc-teresabergada\/wp-content\/uploads\/usu1533\/2021\/05\/IMG_20210517_155711_393_2-1024x1024.jpg\" alt=\"\" width=\"475\" height=\"475\" \/>\u00a0 <\/a><a href=\"https:\/\/agora.xtec.cat\/esc-teresabergada\/wp-content\/uploads\/usu1533\/2021\/05\/IMG_20210517_155505_293_2.jpg\"><img loading=\"lazy\" decoding=\"async\" class=\"alignnone wp-image-9455\" src=\"https:\/\/agora.xtec.cat\/esc-teresabergada\/wp-content\/uploads\/usu1533\/2021\/05\/IMG_20210517_155505_293_2-1024x1024.jpg\" alt=\"\" width=\"473\" height=\"473\" \/><\/a><\/h4>\n<h4><a href=\"https:\/\/agora.xtec.cat\/esc-teresabergada\/wp-content\/uploads\/usu1533\/2021\/05\/IMG-20210517-WA0022.jpg\"><img loading=\"lazy\" decoding=\"async\" class=\"alignnone wp-image-9452\" src=\"https:\/\/agora.xtec.cat\/esc-teresabergada\/wp-content\/uploads\/usu1533\/2021\/05\/IMG-20210517-WA0022-1024x769.jpg\" alt=\"\" width=\"604\" height=\"454\" \/><\/a><\/h4>\n<h4>Ha sigut una practicant molt especial i important per a tots i totes nosaltres.<\/h4>\n<h4>SEMPRE LA RECORDAREM I LA PORTAREM AL COR!\ud83d\ude18\ud83d\ude18\ud83d\ude18\ud83d\ude18<\/h4>\n<p>&nbsp;<\/p>\n<h4>CLASSE DE 3R-B<\/h4>\n","protected":false},"excerpt":{"rendered":"<p>ENS ACOMIADEM DE LA NAT\u00c0LIA, LA NOSTRA PRACTICANT PREFERIDA!&hellip;  <a href=\"https:\/\/agora.xtec.cat\/esc-teresabergada\/blocs-de-primaria\/3r\/comiat-natalia\/\" title=\"Read COMIAT NAT\u00c0LIA!\">Llegeix m\u00e9s\u00bb<\/a><\/p>\n","protected":false},"author":28,"featured_media":0,"comment_status":"open","ping_status":"closed","sticky":false,"template":"","format":"standard","meta":{"_bbp_topic_count":0,"_bbp_reply_count":0,"_bbp_total_topic_count":0,"_bbp_total_reply_count":0,"_bbp_voice_count":0,"_bbp_anonymous_reply_count":0,"_bbp_topic_count_hidden":0,"_bbp_reply_count_hidden":0,"_bbp_forum_subforum_count":0,"footnotes":""},"categories":[238],"tags":[],"class_list":["post-9451","post","type-post","status-publish","format-standard","hentry","category-3r"],"post_mailing_queue_ids":[],"_links":{"self":[{"href":"https:\/\/agora.xtec.cat\/esc-teresabergada\/wp-json\/wp\/v2\/posts\/9451","targetHints":{"allow":["GET"]}}],"collection":[{"href":"https:\/\/agora.xtec.cat\/esc-teresabergada\/wp-json\/wp\/v2\/posts"}],"about":[{"href":"https:\/\/agora.xtec.cat\/esc-teresabergada\/wp-json\/wp\/v2\/types\/post"}],"author":[{"embeddable":true,"href":"https:\/\/agora.xtec.cat\/esc-teresabergada\/wp-json\/wp\/v2\/users\/28"}],"replies":[{"embeddable":true,"href":"https:\/\/agora.xtec.cat\/esc-teresabergada\/wp-json\/wp\/v2\/comments?post=9451"}],"version-history":[{"count":1,"href":"https:\/\/agora.xtec.cat\/esc-teresabergada\/wp-json\/wp\/v2\/posts\/9451\/revisions"}],"predecessor-version":[{"id":9456,"href":"https:\/\/agora.xtec.cat\/esc-teresabergada\/wp-json\/wp\/v2\/posts\/9451\/revisions\/9456"}],"wp:attachment":[{"href":"https:\/\/agora.xtec.cat\/esc-teresabergada\/wp-json\/wp\/v2\/media?parent=9451"}],"wp:term":[{"taxonomy":"category","embeddable":true,"href":"https:\/\/agora.xtec.cat\/esc-teresabergada\/wp-json\/wp\/v2\/categories?post=9451"},{"taxonomy":"post_tag","embeddable":true,"href":"https:\/\/agora.xtec.cat\/esc-teresabergada\/wp-json\/wp\/v2\/tags?post=9451"}],"curies":[{"name":"wp","href":"https:\/\/api.w.org\/{rel}","templated":true}]}}