{"id":9430,"date":"2021-05-22T11:35:33","date_gmt":"2021-05-22T09:35:33","guid":{"rendered":"http:\/\/agora.xtec.cat\/esc-teresabergada\/?p=9430"},"modified":"2022-07-11T11:03:00","modified_gmt":"2022-07-11T09:03:00","slug":"xerrada-de-lavi-xavier","status":"publish","type":"post","link":"https:\/\/agora.xtec.cat\/esc-teresabergada\/blocs-de-primaria\/5e\/xerrada-de-lavi-xavier\/","title":{"rendered":"Xerrada de l&#8217;avi Xavier"},"content":{"rendered":"<p>&nbsp;<\/p>\n<p>El dia <strong>13 de maig de 2021<\/strong> va venir l&#8217;avi de la Miriam a fer una xerrada. La xerrada era sobre el projecte de medi, concretament, la <strong>postguerra<\/strong>.<\/p>\n<p>Ens va explicar com va viure durant la seva inf\u00e0ncia al llarg de la postguerra. Va ser molt interessant perqu\u00e8 vam aprendre com era viure despr\u00e9s de la Guerra Civil Espanyola amb el dictador Francisco Franco. Ens va sorprendre molt que empresonaven a la seva mare quan venia Franco a Lleida durant una setmana perqu\u00e8 era republicana.<\/p>\n<p>Gr\u00e0cies a l&#8217;avi Xavier per fer-nos la visita.<\/p>\n<p>Denisa i Miriam.<\/p>\n<p>&nbsp;<\/p>\n<table class=\" aligncenter\" style=\"height: 234px;width: 900px;border-style: none;border-color: #ffffff\">\n<tbody>\n<tr style=\"height: 234px\">\n<td style=\"height: 234px;width: 464.53125px;border-style: hidden\"><a href=\"https:\/\/agora.xtec.cat\/esc-teresabergada\/wp-content\/uploads\/usu1533\/2021\/05\/20210513_151500-min.jpg\"><img loading=\"lazy\" decoding=\"async\" class=\"alignnone  wp-image-9431 aligncenter\" src=\"https:\/\/agora.xtec.cat\/esc-teresabergada\/wp-content\/uploads\/usu1533\/2021\/05\/20210513_151500-min-1024x576.jpg\" alt=\"\" width=\"339\" height=\"191\" \/><\/a><\/td>\n<td style=\"height: 234px;width: 427.484375px;border-style: hidden\"><a href=\"https:\/\/agora.xtec.cat\/esc-teresabergada\/wp-content\/uploads\/usu1533\/2021\/05\/20210513_151850-min.jpg\"><img loading=\"lazy\" decoding=\"async\" class=\"wp-image-9432 aligncenter\" src=\"https:\/\/agora.xtec.cat\/esc-teresabergada\/wp-content\/uploads\/usu1533\/2021\/05\/20210513_151850-min-1024x576.jpg\" alt=\"\" width=\"332\" height=\"186\" \/><\/a><\/td>\n<\/tr>\n<\/tbody>\n<\/table>\n<p><a href=\"https:\/\/agora.xtec.cat\/esc-teresabergada\/wp-content\/uploads\/usu1533\/2021\/05\/20210513_152150-min.jpg\"><img loading=\"lazy\" decoding=\"async\" class=\"wp-image-9433 aligncenter\" src=\"https:\/\/agora.xtec.cat\/esc-teresabergada\/wp-content\/uploads\/usu1533\/2021\/05\/20210513_152150-min-1024x576.jpg\" alt=\"\" width=\"443\" height=\"249\" \/><\/a><\/p>\n","protected":false},"excerpt":{"rendered":"<p>&nbsp;<br \/>\nEl dia 13 de maig de 2021 va venir l&#8217;avi de la Miriam a fer una xerrada. La xerrada era sobre el projecte de medi, concretament, la postguerra.<br \/>\nEns va explicar com va viure durant la seva inf\u00e0ncia al llarg de la postguerra. Va ser molt&hellip;  <a href=\"https:\/\/agora.xtec.cat\/esc-teresabergada\/blocs-de-primaria\/5e\/xerrada-de-lavi-xavier\/\" title=\"Read Xerrada de l&#8217;avi Xavier\">Llegeix m\u00e9s\u00bb<\/a><\/p>\n","protected":false},"author":1,"featured_media":0,"comment_status":"open","ping_status":"closed","sticky":false,"template":"","format":"standard","meta":{"_bbp_topic_count":0,"_bbp_reply_count":0,"_bbp_total_topic_count":0,"_bbp_total_reply_count":0,"_bbp_voice_count":0,"_bbp_anonymous_reply_count":0,"_bbp_topic_count_hidden":0,"_bbp_reply_count_hidden":0,"_bbp_forum_subforum_count":0,"footnotes":""},"categories":[349],"tags":[575,574,559,576],"class_list":["post-9430","post","type-post","status-publish","format-standard","hentry","category-5e","tag-avi","tag-postguerra","tag-projecte-historia","tag-xerrada"],"post_mailing_queue_ids":[],"_links":{"self":[{"href":"https:\/\/agora.xtec.cat\/esc-teresabergada\/wp-json\/wp\/v2\/posts\/9430","targetHints":{"allow":["GET"]}}],"collection":[{"href":"https:\/\/agora.xtec.cat\/esc-teresabergada\/wp-json\/wp\/v2\/posts"}],"about":[{"href":"https:\/\/agora.xtec.cat\/esc-teresabergada\/wp-json\/wp\/v2\/types\/post"}],"author":[{"embeddable":true,"href":"https:\/\/agora.xtec.cat\/esc-teresabergada\/wp-json\/wp\/v2\/users\/1"}],"replies":[{"embeddable":true,"href":"https:\/\/agora.xtec.cat\/esc-teresabergada\/wp-json\/wp\/v2\/comments?post=9430"}],"version-history":[{"count":3,"href":"https:\/\/agora.xtec.cat\/esc-teresabergada\/wp-json\/wp\/v2\/posts\/9430\/revisions"}],"predecessor-version":[{"id":9436,"href":"https:\/\/agora.xtec.cat\/esc-teresabergada\/wp-json\/wp\/v2\/posts\/9430\/revisions\/9436"}],"wp:attachment":[{"href":"https:\/\/agora.xtec.cat\/esc-teresabergada\/wp-json\/wp\/v2\/media?parent=9430"}],"wp:term":[{"taxonomy":"category","embeddable":true,"href":"https:\/\/agora.xtec.cat\/esc-teresabergada\/wp-json\/wp\/v2\/categories?post=9430"},{"taxonomy":"post_tag","embeddable":true,"href":"https:\/\/agora.xtec.cat\/esc-teresabergada\/wp-json\/wp\/v2\/tags?post=9430"}],"curies":[{"name":"wp","href":"https:\/\/api.w.org\/{rel}","templated":true}]}}