{"id":9421,"date":"2021-05-20T14:00:37","date_gmt":"2021-05-20T12:00:37","guid":{"rendered":"http:\/\/agora.xtec.cat\/esc-teresabergada\/?p=9421"},"modified":"2021-09-15T15:08:23","modified_gmt":"2021-09-15T13:08:23","slug":"tallers-cientifics-per-que-posem-cortines-i-persianes-a-les-finestres","status":"publish","type":"post","link":"https:\/\/agora.xtec.cat\/esc-teresabergada\/blocs-de-primaria\/2n\/tallers-cientifics-per-que-posem-cortines-i-persianes-a-les-finestres\/","title":{"rendered":"Tallers cient\u00edfics: Per qu\u00e8 posem cortines i persianes a les finestres?"},"content":{"rendered":"<p>Hola!! Aquesta setmana hem fet el taller cient\u00edfic de per qu\u00e8 posem cortines i persianes a les finestres. Ens ha agradat molt i hem apr\u00e8s moltes coses de la llum, dels materials transparents, transl\u00facids i opacs, entre altres coses!\u00a0 Ho hem pogut posar en pr\u00e0ctica fent ombres xineses i jugant amb la llum.<\/p>\n<p>Tamb\u00e9 hem vist un animalet que hem trobat al pati, un &#8220;porquet de Sant Antoni&#8221;. Hem pogut veure&#8217;l d&#8217;aprop amb un telescopi i una lupa. Ha estat molt interessant i hem pogut gaudir tots d&#8217;aquest taller! \ud83d\ude42<\/p>\n<p>&nbsp;<\/p>\n<p>Fotos:\u00a0<a href=\"https:\/\/photos.app.goo.gl\/Ab4wwCKrecz6ihCaA\">https:\/\/photos.app.goo.gl\/Ab4wwCKrecz6ihCaA<\/a><\/p>\n","protected":false},"excerpt":{"rendered":"<p>Taller cient\u00edfic: Per qu\u00e8 posem cortines i persianes a les finestres?&hellip;  <a href=\"https:\/\/agora.xtec.cat\/esc-teresabergada\/blocs-de-primaria\/2n\/tallers-cientifics-per-que-posem-cortines-i-persianes-a-les-finestres\/\" title=\"Read Tallers cient\u00edfics: Per qu\u00e8 posem cortines i persianes a les finestres?\">Llegeix m\u00e9s\u00bb<\/a><\/p>\n","protected":false},"author":1,"featured_media":9422,"comment_status":"open","ping_status":"closed","sticky":false,"template":"","format":"standard","meta":{"_bbp_topic_count":0,"_bbp_reply_count":0,"_bbp_total_topic_count":0,"_bbp_total_reply_count":0,"_bbp_voice_count":0,"_bbp_anonymous_reply_count":0,"_bbp_topic_count_hidden":0,"_bbp_reply_count_hidden":0,"_bbp_forum_subforum_count":0,"footnotes":""},"categories":[153],"tags":[135,321,172,573,572],"class_list":["post-9421","post","type-post","status-publish","format-standard","has-post-thumbnail","hentry","category-2n","tag-cicle-inicial","tag-llum","tag-medi","tag-microscopi","tag-taller-cientific"],"post_mailing_queue_ids":[],"_links":{"self":[{"href":"https:\/\/agora.xtec.cat\/esc-teresabergada\/wp-json\/wp\/v2\/posts\/9421","targetHints":{"allow":["GET"]}}],"collection":[{"href":"https:\/\/agora.xtec.cat\/esc-teresabergada\/wp-json\/wp\/v2\/posts"}],"about":[{"href":"https:\/\/agora.xtec.cat\/esc-teresabergada\/wp-json\/wp\/v2\/types\/post"}],"author":[{"embeddable":true,"href":"https:\/\/agora.xtec.cat\/esc-teresabergada\/wp-json\/wp\/v2\/users\/1"}],"replies":[{"embeddable":true,"href":"https:\/\/agora.xtec.cat\/esc-teresabergada\/wp-json\/wp\/v2\/comments?post=9421"}],"version-history":[{"count":1,"href":"https:\/\/agora.xtec.cat\/esc-teresabergada\/wp-json\/wp\/v2\/posts\/9421\/revisions"}],"predecessor-version":[{"id":9423,"href":"https:\/\/agora.xtec.cat\/esc-teresabergada\/wp-json\/wp\/v2\/posts\/9421\/revisions\/9423"}],"wp:featuredmedia":[{"embeddable":true,"href":"https:\/\/agora.xtec.cat\/esc-teresabergada\/wp-json\/wp\/v2\/media\/9422"}],"wp:attachment":[{"href":"https:\/\/agora.xtec.cat\/esc-teresabergada\/wp-json\/wp\/v2\/media?parent=9421"}],"wp:term":[{"taxonomy":"category","embeddable":true,"href":"https:\/\/agora.xtec.cat\/esc-teresabergada\/wp-json\/wp\/v2\/categories?post=9421"},{"taxonomy":"post_tag","embeddable":true,"href":"https:\/\/agora.xtec.cat\/esc-teresabergada\/wp-json\/wp\/v2\/tags?post=9421"}],"curies":[{"name":"wp","href":"https:\/\/api.w.org\/{rel}","templated":true}]}}