{"id":9347,"date":"2021-05-13T11:51:37","date_gmt":"2021-05-13T09:51:37","guid":{"rendered":"http:\/\/agora.xtec.cat\/esc-teresabergada\/?p=9347"},"modified":"2022-07-11T12:11:14","modified_gmt":"2022-07-11T10:11:14","slug":"taller-de-podcasting","status":"publish","type":"post","link":"https:\/\/agora.xtec.cat\/esc-teresabergada\/blocs-de-primaria\/6e\/taller-de-podcasting\/","title":{"rendered":"TALLER DE PODC\u00c0STING"},"content":{"rendered":"<p style=\"text-align: justify;\">Per la setmana cultural, la Pili Garcia, una locutora de r\u00e0dio, va venir a fer un taller de podc\u00e0sting. Ens va ensenyar molt\u00edssimes eines (webs i aplicacions per crear la nostra portada, per gravar i editar \u00e0udios&#8230;)<\/p>\n<p style=\"text-align: justify;\">Per finalitzar l&#8217;activitat cada grup de cicle superior va fer un podcast sobre diferents temes:<\/p>\n<ul style=\"text-align: justify;\">\n<li>5\u00e8. A: El pot mig buit (mirada negativa de la pand\u00e8mia)<\/li>\n<li>5\u00e8. B: El pot mig ple (mirada positiva de la pand\u00e8mia)<\/li>\n<li>6\u00e8: Quin \u00e9s el millor record de l&#8217;escola?<\/li>\n<\/ul>\n<p style=\"text-align: justify;\">Aquests podcasts els podreu escoltar fent clic als enlla\u00e7os.<\/p>\n<p style=\"text-align: justify;\">A tothom li va agradar fer aquest taller!<\/p>\n<p style=\"text-align: justify;\">Duna i Alejandro<\/p>\n<p><a href=\"https:\/\/agora.xtec.cat\/esc-teresabergada\/wp-content\/uploads\/usu1533\/2021\/05\/IMG_5616-e1657534259265.jpg\"><img loading=\"lazy\" decoding=\"async\" class=\"aligncenter wp-image-9348 size-full\" src=\"https:\/\/agora.xtec.cat\/esc-teresabergada\/wp-content\/uploads\/usu1533\/2021\/05\/IMG_5616-e1657534259265.jpg\" alt=\"\" width=\"1884\" height=\"1270\" srcset=\"https:\/\/agora.xtec.cat\/esc-teresabergada\/wp-content\/uploads\/usu1533\/2021\/05\/IMG_5616-e1657534259265.jpg 1884w, https:\/\/agora.xtec.cat\/esc-teresabergada\/wp-content\/uploads\/usu1533\/2021\/05\/IMG_5616-e1657534259265-300x202.jpg 300w, https:\/\/agora.xtec.cat\/esc-teresabergada\/wp-content\/uploads\/usu1533\/2021\/05\/IMG_5616-e1657534259265-768x518.jpg 768w, https:\/\/agora.xtec.cat\/esc-teresabergada\/wp-content\/uploads\/usu1533\/2021\/05\/IMG_5616-e1657534259265-1024x690.jpg 1024w, https:\/\/agora.xtec.cat\/esc-teresabergada\/wp-content\/uploads\/usu1533\/2021\/05\/IMG_5616-e1657534259265-1536x1035.jpg 1536w\" sizes=\"auto, (max-width: 1884px) 100vw, 1884px\" \/><\/a><\/p>\n","protected":false},"excerpt":{"rendered":"<p>Per la setmana cultural, la Pili Garcia, una locutora de r\u00e0dio, va venir a fer un taller de podc\u00e0sting. Ens va ensenyar molt\u00edssimes eines (webs i aplicacions per crear la nostra portada, per gravar i editar \u00e0udios&#8230;)<br \/>\nPer finalitzar l&#8217;activitat cada grup de cicle superior va&hellip;  <a href=\"https:\/\/agora.xtec.cat\/esc-teresabergada\/blocs-de-primaria\/6e\/taller-de-podcasting\/\" title=\"Read TALLER DE PODC\u00c0STING\">Llegeix m\u00e9s\u00bb<\/a><\/p>\n","protected":false},"author":1,"featured_media":9348,"comment_status":"open","ping_status":"closed","sticky":false,"template":"","format":"standard","meta":{"_bbp_topic_count":0,"_bbp_reply_count":0,"_bbp_total_topic_count":0,"_bbp_total_reply_count":0,"_bbp_voice_count":0,"_bbp_anonymous_reply_count":0,"_bbp_topic_count_hidden":0,"_bbp_reply_count_hidden":0,"_bbp_forum_subforum_count":0,"footnotes":""},"categories":[240],"tags":[569,150,571],"class_list":["post-9347","post","type-post","status-publish","format-standard","has-post-thumbnail","hentry","category-6e","tag-pee-alt-segria","tag-radio","tag-setmana-cultural"],"post_mailing_queue_ids":[],"_links":{"self":[{"href":"https:\/\/agora.xtec.cat\/esc-teresabergada\/wp-json\/wp\/v2\/posts\/9347","targetHints":{"allow":["GET"]}}],"collection":[{"href":"https:\/\/agora.xtec.cat\/esc-teresabergada\/wp-json\/wp\/v2\/posts"}],"about":[{"href":"https:\/\/agora.xtec.cat\/esc-teresabergada\/wp-json\/wp\/v2\/types\/post"}],"author":[{"embeddable":true,"href":"https:\/\/agora.xtec.cat\/esc-teresabergada\/wp-json\/wp\/v2\/users\/1"}],"replies":[{"embeddable":true,"href":"https:\/\/agora.xtec.cat\/esc-teresabergada\/wp-json\/wp\/v2\/comments?post=9347"}],"version-history":[{"count":3,"href":"https:\/\/agora.xtec.cat\/esc-teresabergada\/wp-json\/wp\/v2\/posts\/9347\/revisions"}],"predecessor-version":[{"id":10928,"href":"https:\/\/agora.xtec.cat\/esc-teresabergada\/wp-json\/wp\/v2\/posts\/9347\/revisions\/10928"}],"wp:featuredmedia":[{"embeddable":true,"href":"https:\/\/agora.xtec.cat\/esc-teresabergada\/wp-json\/wp\/v2\/media\/9348"}],"wp:attachment":[{"href":"https:\/\/agora.xtec.cat\/esc-teresabergada\/wp-json\/wp\/v2\/media?parent=9347"}],"wp:term":[{"taxonomy":"category","embeddable":true,"href":"https:\/\/agora.xtec.cat\/esc-teresabergada\/wp-json\/wp\/v2\/categories?post=9347"},{"taxonomy":"post_tag","embeddable":true,"href":"https:\/\/agora.xtec.cat\/esc-teresabergada\/wp-json\/wp\/v2\/tags?post=9347"}],"curies":[{"name":"wp","href":"https:\/\/api.w.org\/{rel}","templated":true}]}}