{"id":9344,"date":"2021-05-12T12:26:11","date_gmt":"2021-05-12T10:26:11","guid":{"rendered":"http:\/\/agora.xtec.cat\/esc-teresabergada\/?p=9344"},"modified":"2022-07-11T10:57:00","modified_gmt":"2022-07-11T08:57:00","slug":"territoris-del-hitler","status":"publish","type":"post","link":"https:\/\/agora.xtec.cat\/esc-teresabergada\/blocs-de-primaria\/6e\/territoris-del-hitler\/","title":{"rendered":"TERRITORIS DEL HITLER"},"content":{"rendered":"<p style=\"text-align: justify;\">Durant la <span style=\"color: #ff0000;\"><strong>Segona Guerra Mundial<\/strong> <\/span>Hitler va conquistar diferents territoris, per exemple: \u00c0ustria, Hongria, Pol\u00f2nia, una part de Fran\u00e7a i molts m\u00e9s!!!!<\/p>\n<p style=\"text-align: justify;\">No va ocupar Espanya perqu\u00e8 en aquell moment va finalitzar la guerra civil espanyola, tot el territori estava &#8220;destrossat&#8221; i, a m\u00e9s a m\u00e9s, Hitler era amic de Franco (el militar i dictador que governava el pa\u00eds)! Sabeu qu\u00e8? Hitler tamb\u00e9 va envair la Uni\u00f3 Sovi\u00e8tica, que en un inici de la guerra era del seu b\u00e0ndol.<\/p>\n<p style=\"text-align: justify;\">Jo flipo amb la hist\u00f2ria! Espero que no hi hagi una Tercera Guerra Mundial.<\/p>\n<p>Roger i Mara<\/p>\n<p><a href=\"https:\/\/agora.xtec.cat\/esc-teresabergada\/wp-content\/uploads\/usu1533\/2021\/05\/territoris-hitler.jpg\"><img loading=\"lazy\" decoding=\"async\" class=\"aligncenter wp-image-9345 \" src=\"https:\/\/agora.xtec.cat\/esc-teresabergada\/wp-content\/uploads\/usu1533\/2021\/05\/territoris-hitler-1024x576.jpg\" alt=\"\" width=\"716\" height=\"403\" srcset=\"https:\/\/agora.xtec.cat\/esc-teresabergada\/wp-content\/uploads\/usu1533\/2021\/05\/territoris-hitler-1024x576.jpg 1024w, https:\/\/agora.xtec.cat\/esc-teresabergada\/wp-content\/uploads\/usu1533\/2021\/05\/territoris-hitler-300x169.jpg 300w, https:\/\/agora.xtec.cat\/esc-teresabergada\/wp-content\/uploads\/usu1533\/2021\/05\/territoris-hitler-768x432.jpg 768w, https:\/\/agora.xtec.cat\/esc-teresabergada\/wp-content\/uploads\/usu1533\/2021\/05\/territoris-hitler.jpg 2000w\" sizes=\"auto, (max-width: 716px) 100vw, 716px\" \/><\/a><\/p>\n","protected":false},"excerpt":{"rendered":"<p>Durant la Segona Guerra Mundial Hitler va conquistar diferents territoris, per exemple: \u00c0ustria, Hongria, Pol\u00f2nia, una part de Fran\u00e7a i molts m\u00e9s!!!!<br \/>\nNo va ocupar Espanya perqu\u00e8 en aquell moment va finalitzar la guerra civil espanyola, tot el territori estava &#8220;destrossat&#8221; i, a m\u00e9s a m\u00e9s,&hellip;  <a href=\"https:\/\/agora.xtec.cat\/esc-teresabergada\/blocs-de-primaria\/6e\/territoris-del-hitler\/\" title=\"Read TERRITORIS DEL HITLER\">Llegeix m\u00e9s\u00bb<\/a><\/p>\n","protected":false},"author":1,"featured_media":9345,"comment_status":"open","ping_status":"closed","sticky":false,"template":"","format":"standard","meta":{"_bbp_topic_count":0,"_bbp_reply_count":0,"_bbp_total_topic_count":0,"_bbp_total_reply_count":0,"_bbp_voice_count":0,"_bbp_anonymous_reply_count":0,"_bbp_topic_count_hidden":0,"_bbp_reply_count_hidden":0,"_bbp_forum_subforum_count":0,"footnotes":""},"categories":[240],"tags":[559],"class_list":["post-9344","post","type-post","status-publish","format-standard","has-post-thumbnail","hentry","category-6e","tag-projecte-historia"],"post_mailing_queue_ids":[],"_links":{"self":[{"href":"https:\/\/agora.xtec.cat\/esc-teresabergada\/wp-json\/wp\/v2\/posts\/9344","targetHints":{"allow":["GET"]}}],"collection":[{"href":"https:\/\/agora.xtec.cat\/esc-teresabergada\/wp-json\/wp\/v2\/posts"}],"about":[{"href":"https:\/\/agora.xtec.cat\/esc-teresabergada\/wp-json\/wp\/v2\/types\/post"}],"author":[{"embeddable":true,"href":"https:\/\/agora.xtec.cat\/esc-teresabergada\/wp-json\/wp\/v2\/users\/1"}],"replies":[{"embeddable":true,"href":"https:\/\/agora.xtec.cat\/esc-teresabergada\/wp-json\/wp\/v2\/comments?post=9344"}],"version-history":[{"count":1,"href":"https:\/\/agora.xtec.cat\/esc-teresabergada\/wp-json\/wp\/v2\/posts\/9344\/revisions"}],"predecessor-version":[{"id":9346,"href":"https:\/\/agora.xtec.cat\/esc-teresabergada\/wp-json\/wp\/v2\/posts\/9344\/revisions\/9346"}],"wp:featuredmedia":[{"embeddable":true,"href":"https:\/\/agora.xtec.cat\/esc-teresabergada\/wp-json\/wp\/v2\/media\/9345"}],"wp:attachment":[{"href":"https:\/\/agora.xtec.cat\/esc-teresabergada\/wp-json\/wp\/v2\/media?parent=9344"}],"wp:term":[{"taxonomy":"category","embeddable":true,"href":"https:\/\/agora.xtec.cat\/esc-teresabergada\/wp-json\/wp\/v2\/categories?post=9344"},{"taxonomy":"post_tag","embeddable":true,"href":"https:\/\/agora.xtec.cat\/esc-teresabergada\/wp-json\/wp\/v2\/tags?post=9344"}],"curies":[{"name":"wp","href":"https:\/\/api.w.org\/{rel}","templated":true}]}}