{"id":9340,"date":"2021-05-10T07:24:04","date_gmt":"2021-05-10T05:24:04","guid":{"rendered":"http:\/\/agora.xtec.cat\/esc-teresabergada\/?p=9340"},"modified":"2021-09-15T15:10:39","modified_gmt":"2021-09-15T13:10:39","slug":"la-capsa-de-vida-de-ladama","status":"publish","type":"post","link":"https:\/\/agora.xtec.cat\/esc-teresabergada\/infantil\/i4\/la-capsa-de-vida-de-ladama\/","title":{"rendered":"La Capsa de vida de l&#8217;Adama"},"content":{"rendered":"<p><a href=\"https:\/\/drive.google.com\/drive\/folders\/1tmv7rp5Fj46d4_cWsRuLQX6OrxNIahII?usp=sharing\"><img loading=\"lazy\" decoding=\"async\" class=\"wp-image-9341 aligncenter\" src=\"https:\/\/agora.xtec.cat\/esc-teresabergada\/wp-content\/uploads\/usu1533\/2021\/05\/1-ADAMA-1024x819.jpg\" alt=\"\" width=\"488\" height=\"390\" \/><\/a><\/p>\n<p>La Capsa de vida de l&#8217;Adama s&#8217;ha fet esperar per\u00f2 ja la tenim a l&#8217;escola. Els tresors de l&#8217;Adama estan relacionats amb els primers moments de la seva vida.<\/p>\n<p>De dins de la capsa vellutada, l&#8217;Adama, ens ha anat treient tots els petits tresors amb molta alegria. La robeta petita de naixement que s&#8217;ha intentat posar ell i finalment li ha posat a la nina -la qual cosa el feia riure del moment c\u00f2mic. Tampoc li van b\u00e9 les sabates i els mitjons: &#8220;S\u00f3n de beb\u00e9&#8221;. Aleshores ens ha mostrat el xumet amb una pin\u00e7a per a penjar a la roba, amb el nom incorporat. Tamb\u00e9 li ha fet molta gr\u00e0cia quan ha tret el petit biber\u00f3. Les fotos de\u00a0 recent nascut i de m\u00e9s gran, marcant el proc\u00e9s de creixement. I per acabar, el llibret de l&#8217;embara\u00e7 ple de dades de la mare i tamb\u00e9 realcionades amb el seu creixement.<\/p>\n<p>Ha estat una presentaci\u00f3 divertida, plena de records de &#8220;beb\u00e9&#8221;. Agra\u00efment a la fam\u00edlia.<\/p>\n","protected":false},"excerpt":{"rendered":"<p><a href=\"https:\/\/drive.google.com\/drive\/folders\/1tmv7rp5Fj46d4_cWsRuLQX6OrxNIahII?usp=sharing\"><\/a><br \/>\nLa Capsa de vida de l&#8217;Adama s&#8217;ha fet esperar per\u00f2 ja la tenim a l&#8217;escola. Els tresors de l&#8217;Adama estan relacionats amb els primers moments de la seva vida.<br \/>\nDe dins de la capsa vellutada, l&#8217;Adama, ens ha anat treient tots els petits tresors amb&hellip;  <a href=\"https:\/\/agora.xtec.cat\/esc-teresabergada\/infantil\/i4\/la-capsa-de-vida-de-ladama\/\" title=\"Read La Capsa de vida de l&#8217;Adama\">Llegeix m\u00e9s\u00bb<\/a><\/p>\n","protected":false},"author":12,"featured_media":0,"comment_status":"open","ping_status":"closed","sticky":false,"template":"","format":"standard","meta":{"_bbp_topic_count":0,"_bbp_reply_count":0,"_bbp_total_topic_count":0,"_bbp_total_reply_count":0,"_bbp_voice_count":0,"_bbp_anonymous_reply_count":0,"_bbp_topic_count_hidden":0,"_bbp_reply_count_hidden":0,"_bbp_forum_subforum_count":0,"footnotes":""},"categories":[236],"tags":[317,121],"class_list":["post-9340","post","type-post","status-publish","format-standard","hentry","category-i4","tag-capses-de-vida","tag-educacio-infantil"],"post_mailing_queue_ids":[],"_links":{"self":[{"href":"https:\/\/agora.xtec.cat\/esc-teresabergada\/wp-json\/wp\/v2\/posts\/9340","targetHints":{"allow":["GET"]}}],"collection":[{"href":"https:\/\/agora.xtec.cat\/esc-teresabergada\/wp-json\/wp\/v2\/posts"}],"about":[{"href":"https:\/\/agora.xtec.cat\/esc-teresabergada\/wp-json\/wp\/v2\/types\/post"}],"author":[{"embeddable":true,"href":"https:\/\/agora.xtec.cat\/esc-teresabergada\/wp-json\/wp\/v2\/users\/12"}],"replies":[{"embeddable":true,"href":"https:\/\/agora.xtec.cat\/esc-teresabergada\/wp-json\/wp\/v2\/comments?post=9340"}],"version-history":[{"count":2,"href":"https:\/\/agora.xtec.cat\/esc-teresabergada\/wp-json\/wp\/v2\/posts\/9340\/revisions"}],"predecessor-version":[{"id":9343,"href":"https:\/\/agora.xtec.cat\/esc-teresabergada\/wp-json\/wp\/v2\/posts\/9340\/revisions\/9343"}],"wp:attachment":[{"href":"https:\/\/agora.xtec.cat\/esc-teresabergada\/wp-json\/wp\/v2\/media?parent=9340"}],"wp:term":[{"taxonomy":"category","embeddable":true,"href":"https:\/\/agora.xtec.cat\/esc-teresabergada\/wp-json\/wp\/v2\/categories?post=9340"},{"taxonomy":"post_tag","embeddable":true,"href":"https:\/\/agora.xtec.cat\/esc-teresabergada\/wp-json\/wp\/v2\/tags?post=9340"}],"curies":[{"name":"wp","href":"https:\/\/api.w.org\/{rel}","templated":true}]}}