{"id":9293,"date":"2021-05-07T15:30:11","date_gmt":"2021-05-07T13:30:11","guid":{"rendered":"http:\/\/agora.xtec.cat\/esc-teresabergada\/?p=9293"},"modified":"2021-09-15T15:11:01","modified_gmt":"2021-09-15T13:11:01","slug":"de-colonies-a-tarragona","status":"publish","type":"post","link":"https:\/\/agora.xtec.cat\/esc-teresabergada\/general\/de-colonies-a-tarragona\/","title":{"rendered":"DE COL\u00d2NIES A TARRAGONA!"},"content":{"rendered":"<h4>I per fi vam posar rumb cap a Tarragona!!!!!<\/h4>\n<h4>L&#8217;alumnat de 3r vam poder gaudir de les nostres col\u00f2nies tan esperades els dies 5 i 6 de maig. Uns dies per a recordar, carregats d&#8217;experi\u00e8nces divertides, enriquidores, amb moments d&#8217;il\u00b7lusi\u00f3 i emoci\u00f3 m\u00e0xima!<\/h4>\n<h4>Vam fer un viatge en el temps per a traslladar-nos a la Tarragona romana \u27a1<strong><span style=\"color: #ff0000\">TARRACO<\/span><\/strong> \u2b05 \ud83c\udfdf, al mateix temps que vam poder gaudir d&#8217;un paisatge totalment diferent al nostre, el de costa! \ud83c\udfd6<\/h4>\n<h4>Vam jugar com ho feien els nens de Tarraco, vam escoltar llegendes de deesses i bruixes, i vam caminar per les muralles fins arribar al fam\u00f3s amfiteatre. Tamb\u00e9 vam fer una passejada per la platja llarga de Tarragona fins arribar a la punta de la Creueta, un espai natural que ens va captivar!<\/h4>\n<h4>Us deixem una mostra fotogr\u00e0fica de la nostra estada, ens ho vam passar GENIAL!\ud83d\ude0d\ud83d\ude0d\ud83d\ude0d<\/h4>\n<h3><span style=\"color: #ff0000\"><a style=\"color: #ff0000\" href=\"https:\/\/photos.google.com\/share\/AF1QipPu5wJAaWeNGceZ0_6_rpEThLBpNWlg9zcBSIMtoChWctZkofmgNPRmGZgJd87LQQ?key=T1RrVjFPdUxmUEgyMzlkTnN2WDZUU0V4QzlyMENB\">COL\u00d2NIES (recull fotogr\u00e0fic)<\/a> <\/span><\/h3>\n<p>&nbsp;<\/p>\n<p>&nbsp;<\/p>\n","protected":false},"excerpt":{"rendered":"<p>&#8230;I PER FI VAN ARRIBAR LES COL\u00d2NIES TAN ESPERADES!&hellip;  <a href=\"https:\/\/agora.xtec.cat\/esc-teresabergada\/general\/de-colonies-a-tarragona\/\" title=\"Read DE COL\u00d2NIES A TARRAGONA!\">Llegeix m\u00e9s\u00bb<\/a><\/p>\n","protected":false},"author":28,"featured_media":9297,"comment_status":"open","ping_status":"closed","sticky":false,"template":"","format":"standard","meta":{"_bbp_topic_count":0,"_bbp_reply_count":0,"_bbp_total_topic_count":0,"_bbp_total_reply_count":0,"_bbp_voice_count":0,"_bbp_anonymous_reply_count":0,"_bbp_topic_count_hidden":0,"_bbp_reply_count_hidden":0,"_bbp_forum_subforum_count":0,"footnotes":""},"categories":[250,1],"tags":[],"class_list":["post-9293","post","type-post","status-publish","format-standard","has-post-thumbnail","hentry","category-4t","category-general"],"post_mailing_queue_ids":[],"_links":{"self":[{"href":"https:\/\/agora.xtec.cat\/esc-teresabergada\/wp-json\/wp\/v2\/posts\/9293","targetHints":{"allow":["GET"]}}],"collection":[{"href":"https:\/\/agora.xtec.cat\/esc-teresabergada\/wp-json\/wp\/v2\/posts"}],"about":[{"href":"https:\/\/agora.xtec.cat\/esc-teresabergada\/wp-json\/wp\/v2\/types\/post"}],"author":[{"embeddable":true,"href":"https:\/\/agora.xtec.cat\/esc-teresabergada\/wp-json\/wp\/v2\/users\/28"}],"replies":[{"embeddable":true,"href":"https:\/\/agora.xtec.cat\/esc-teresabergada\/wp-json\/wp\/v2\/comments?post=9293"}],"version-history":[{"count":3,"href":"https:\/\/agora.xtec.cat\/esc-teresabergada\/wp-json\/wp\/v2\/posts\/9293\/revisions"}],"predecessor-version":[{"id":9302,"href":"https:\/\/agora.xtec.cat\/esc-teresabergada\/wp-json\/wp\/v2\/posts\/9293\/revisions\/9302"}],"wp:featuredmedia":[{"embeddable":true,"href":"https:\/\/agora.xtec.cat\/esc-teresabergada\/wp-json\/wp\/v2\/media\/9297"}],"wp:attachment":[{"href":"https:\/\/agora.xtec.cat\/esc-teresabergada\/wp-json\/wp\/v2\/media?parent=9293"}],"wp:term":[{"taxonomy":"category","embeddable":true,"href":"https:\/\/agora.xtec.cat\/esc-teresabergada\/wp-json\/wp\/v2\/categories?post=9293"},{"taxonomy":"post_tag","embeddable":true,"href":"https:\/\/agora.xtec.cat\/esc-teresabergada\/wp-json\/wp\/v2\/tags?post=9293"}],"curies":[{"name":"wp","href":"https:\/\/api.w.org\/{rel}","templated":true}]}}