{"id":9281,"date":"2021-05-06T08:57:23","date_gmt":"2021-05-06T06:57:23","guid":{"rendered":"http:\/\/agora.xtec.cat\/esc-teresabergada\/?p=9281"},"modified":"2021-05-07T13:11:36","modified_gmt":"2021-05-07T11:11:36","slug":"cultura-a-labast-de-totes-i-tots","status":"publish","type":"post","link":"https:\/\/agora.xtec.cat\/esc-teresabergada\/portada\/cultura-a-labast-de-totes-i-tots\/","title":{"rendered":"Cultura a l&#8217;abast de totes i tots"},"content":{"rendered":"<p style=\"text-align: justify;\">La cultura tenyeix, any rere any, tots els espais de la nostra escola durant el mes d&#8217;abril, especialment les setmanes properes a sant Jordi.<\/p>\n<p style=\"text-align: justify;\">Volem compartir amb totes i tots vosaltres les activitats que hi han tingut cabuda, les quals ens han perm\u00e8s aprendre en diferents contextos i amb uns grans professionals.<\/p>\n<table style=\"width: 392px; height: 198px;\">\n<tbody>\n<tr style=\"height: 33px;\">\n<td style=\"width: 188px; text-align: center; height: 33px;\"><a href=\"https:\/\/photos.app.goo.gl\/2gdZDGieT9mMsaFCA\" target=\"_blank\" rel=\"noopener noreferrer\">Mossos d&#8217;Esquadra<\/a><\/td>\n<td style=\"width: 204px; text-align: center; height: 33px;\"><a href=\"https:\/\/photos.app.goo.gl\/mLv1dgE3NxiuCWAo8\" target=\"_blank\" rel=\"noopener noreferrer\">Bitlles<\/a><\/td>\n<\/tr>\n<tr style=\"height: 33px;\">\n<td style=\"width: 188px; text-align: center; height: 33px;\"><a href=\"https:\/\/photos.app.goo.gl\/QJVNYqHJtxHwW1PB7\" target=\"_blank\" rel=\"noopener noreferrer\">Taller de R\u00e0dio<\/a><\/td>\n<td style=\"width: 204px; text-align: center; height: 33px;\"><a href=\"https:\/\/photos.app.goo.gl\/t62zuusqQMxiqPAP6\" target=\"_blank\" rel=\"noopener noreferrer\">Circuits<\/a><\/td>\n<\/tr>\n<tr style=\"height: 33px;\">\n<td style=\"width: 188px; text-align: center; height: 33px;\"><a href=\"https:\/\/www.emunfmradio.cat\/embed\/podcast?id=emunfmradio_podcast_3586\" target=\"_blank\" rel=\"noopener noreferrer\">Podcast 5\u00e8.A<\/a><\/td>\n<td style=\"width: 204px; text-align: center; height: 33px;\"><a href=\"https:\/\/photos.app.goo.gl\/Wmpj4nuNWCf8RsTk6\" target=\"_blank\" rel=\"noopener noreferrer\">Educaci\u00f3 emocional<\/a><\/td>\n<\/tr>\n<tr>\n<td style=\"width: 188px; text-align: center;\"><a href=\"https:\/\/www.emunfmradio.cat\/embed\/podcast?id=emunfmradio_podcast_3585\" target=\"_blank\" rel=\"noopener noreferrer\">Podcast 5\u00e8.B<\/a><\/td>\n<td style=\"width: 204px; text-align: center;\"><a href=\"https:\/\/photos.app.goo.gl\/AnQagC1sMcZmE8Yj6\" target=\"_blank\" rel=\"noopener noreferrer\">Animaci\u00f3 lectora<\/a><\/td>\n<\/tr>\n<tr>\n<td style=\"width: 188px; text-align: center;\"><a href=\"https:\/\/www.emunfmradio.cat\/embed\/podcast?id=emunfmradio_podcast_3628\" target=\"_blank\" rel=\"noopener noreferrer\">Podcast 6\u00e8.<\/a><\/td>\n<td style=\"width: 204px; text-align: center;\"><a href=\"https:\/\/photos.app.goo.gl\/HgipD95WK15Zhd7X9\" target=\"_blank\" rel=\"noopener noreferrer\">Xerrada Respecte<\/a><\/td>\n<\/tr>\n<\/tbody>\n<\/table>\n<p style=\"text-align: justify;\">Des de l&#8217;escola Teresa Bergad\u00e0 volem agrair a totes aquelles entitats que ho han fet possible!<\/p>\n<p>*Algunes activitats encara no s&#8217;han pogut dur a terme, aix\u00ed que esteu pendents d&#8217;aquest article perqu\u00e8 properament s&#8217;actualitzar\u00e0 amb les novetats.<\/p>\n<p>&nbsp;<\/p>\n","protected":false},"excerpt":{"rendered":"<p>La cultura tenyeix, any rere any, tots els espais de la nostra escola durant el mes d&#8217;abril, especialment les setmanes properes a sant Jordi.<br \/>\nVolem compartir amb totes i tots vosaltres les activitats que hi han tingut cabuda, les quals ens han perm\u00e8s aprendre en diferents&hellip;  <a href=\"https:\/\/agora.xtec.cat\/esc-teresabergada\/portada\/cultura-a-labast-de-totes-i-tots\/\" title=\"Read Cultura a l&#8217;abast de totes i tots\">Llegeix m\u00e9s\u00bb<\/a><\/p>\n","protected":false},"author":1,"featured_media":9282,"comment_status":"open","ping_status":"closed","sticky":false,"template":"","format":"standard","meta":{"_bbp_topic_count":0,"_bbp_reply_count":0,"_bbp_total_topic_count":0,"_bbp_total_reply_count":0,"_bbp_voice_count":0,"_bbp_anonymous_reply_count":0,"_bbp_topic_count_hidden":0,"_bbp_reply_count_hidden":0,"_bbp_forum_subforum_count":0,"footnotes":""},"categories":[4],"tags":[570,569],"class_list":["post-9281","post","type-post","status-publish","format-standard","has-post-thumbnail","hentry","category-portada","tag-culturasegura","tag-pee-alt-segria"],"post_mailing_queue_ids":[],"_links":{"self":[{"href":"https:\/\/agora.xtec.cat\/esc-teresabergada\/wp-json\/wp\/v2\/posts\/9281","targetHints":{"allow":["GET"]}}],"collection":[{"href":"https:\/\/agora.xtec.cat\/esc-teresabergada\/wp-json\/wp\/v2\/posts"}],"about":[{"href":"https:\/\/agora.xtec.cat\/esc-teresabergada\/wp-json\/wp\/v2\/types\/post"}],"author":[{"embeddable":true,"href":"https:\/\/agora.xtec.cat\/esc-teresabergada\/wp-json\/wp\/v2\/users\/1"}],"replies":[{"embeddable":true,"href":"https:\/\/agora.xtec.cat\/esc-teresabergada\/wp-json\/wp\/v2\/comments?post=9281"}],"version-history":[{"count":3,"href":"https:\/\/agora.xtec.cat\/esc-teresabergada\/wp-json\/wp\/v2\/posts\/9281\/revisions"}],"predecessor-version":[{"id":9294,"href":"https:\/\/agora.xtec.cat\/esc-teresabergada\/wp-json\/wp\/v2\/posts\/9281\/revisions\/9294"}],"wp:featuredmedia":[{"embeddable":true,"href":"https:\/\/agora.xtec.cat\/esc-teresabergada\/wp-json\/wp\/v2\/media\/9282"}],"wp:attachment":[{"href":"https:\/\/agora.xtec.cat\/esc-teresabergada\/wp-json\/wp\/v2\/media?parent=9281"}],"wp:term":[{"taxonomy":"category","embeddable":true,"href":"https:\/\/agora.xtec.cat\/esc-teresabergada\/wp-json\/wp\/v2\/categories?post=9281"},{"taxonomy":"post_tag","embeddable":true,"href":"https:\/\/agora.xtec.cat\/esc-teresabergada\/wp-json\/wp\/v2\/tags?post=9281"}],"curies":[{"name":"wp","href":"https:\/\/api.w.org\/{rel}","templated":true}]}}