{"id":9236,"date":"2021-04-25T19:32:04","date_gmt":"2021-04-25T17:32:04","guid":{"rendered":"http:\/\/agora.xtec.cat\/esc-teresabergada\/?p=9236"},"modified":"2021-04-25T19:32:04","modified_gmt":"2021-04-25T17:32:04","slug":"gaudim-dun-dia-de-llegenda","status":"publish","type":"post","link":"https:\/\/agora.xtec.cat\/esc-teresabergada\/portada\/gaudim-dun-dia-de-llegenda\/","title":{"rendered":"GAUDIM D&#8217;UN DIA DE LLEGENDA"},"content":{"rendered":"<p>Un any m\u00e9s, el dia 23 d\u2019abril celebrem la festivitat de sant Jordi a l\u2019escola.<br \/>\nTot seguit us deixem el recull fotogr\u00e0fic (fent clic a les paraules marcades de verd fosc) de les diferents activitats realitzades amb la seva corresponent descripci\u00f3.<\/p>\n<p style=\"text-align: justify;\"><strong><a href=\"https:\/\/photos.app.goo.gl\/eaS3Cw2tE9NkPpxb8\" target=\"_blank\" rel=\"noopener noreferrer\">Propostes varides al cicle d&#8217;educaci\u00f3 infantil.<\/a> <\/strong>A P3 hem decidit viure una setmana de Sant Jordi especial. Ens hem dedicat a llegir i escoltar els contes de la &#8220;parada&#8221; de Sant Jordi de la nostra classe. Llibres amb una llegenda diversificada en format, en elements del conte, per\u00f2 amb el mateix fil conductor; tamb\u00e9 n&#8217;hem explicat dels que han portat els nens de forma espont\u00e0nia. Hem anat confeccionant un punt de llibre de drac per endur-nos cap a casa. Finalment, hem passat la Diada de Sant Jordi realitzant activitats diferents: hem explicat un llibre de Sant Jordi a les fosques -aprofitant la llum negra de l&#8217;espai de Llums i Ombres- i hem jugat a fer d&#8217;actors representant\u00a0 la Llegenda. A la classe de P4 hem gaudit tot el que hem pogut d\u2019aquesta diada tant especial. Hem llegit i escoltat hist\u00f2ries de cavallers, dracs i princeses cada dia amb un conte diferent. Hem recitat un poema acompanyat d\u2019una rosa feta amb material reciclat i tamb\u00e9 hem confeccionat un punt de llibre de drac amb el vers \u201cPer Sant Jordi llibres, roses i petons\u201d que hem escrit cadasc\u00fa al darrera.\u00a0 I els grups de P5, durant aquestes setmanes pr\u00e8vies a Sant Jordi, hem confeccionat un punt de llibre (creat a partir dibuixos propis en relaci\u00f3 a la hist\u00f2ria de Sant Jordi, enganxats en un fons pintat amb branques de xiprer) i un castell (on hi podem trobar unes portes que s&#8217;obren i que mostren un poema de Sant Jordi de la Isabel Barriel).<\/p>\n<p style=\"text-align: justify;\"><strong><a href=\"https:\/\/photos.app.goo.gl\/8hEFnKAZadiuho7o8\" target=\"_blank\" rel=\"noopener noreferrer\">Un m\u00f3n d&#8217;imaginaci\u00f3 a cicle inicial<\/a><\/strong>. La festa de sant Jordi ha emplenat la nostra escola de cultura i, a cicle inicial hem pogut gaudir d&#8217;estones plenes de dracs, roses, contes, m\u00fasica i danses fent volar aix\u00ed la nostra imaginaci\u00f3.<\/p>\n<div style=\"text-align: justify;\">\n<p><strong><a href=\"https:\/\/photos.app.goo.gl\/HWRooD47Kxjv2H8c8\" target=\"_blank\" rel=\"noopener noreferrer\">A cicle mitj\u00e0 hem dedicat la diada de Sant Jordi als dos grans protagonistes: la rosa i el llibre.<\/a><\/strong><span style=\"font-weight: 400;\">Una pluja de llibres \u00fanics carregats de llegenda, cultura, paraules i sentiments han sigut el nostre punt de trobada intercicle.<\/span><\/p>\n<p><span style=\"font-weight: 400;\">&#8220;\u00c9s el temps que has dedicat a la teva rosa el que l&#8217;ha feta tan important&#8221; (Petit Pr\u00edncep) .<\/span><\/p>\n<p>Aquesta diada de Sant Jordi, <a href=\"https:\/\/photos.app.goo.gl\/2LY5AXumR7DS7YdF6\" target=\"_blank\" rel=\"noopener noreferrer\"><strong>l\u2019alumnat de cicle superior<\/strong><\/a> l&#8217;ha viscuda, com cada any, amb un ventall d&#8217;activitats. La tecnologia ha perm\u00e8s poder compartir-les amb la resta de companys del cicle i amb la resta d\u2019alumnat del centre.<\/p>\n<p>Des de tallers per guarnir el passad\u00eds amb llibres i roses, sessions de contacontes telem\u00e0tics per als m\u00e9s petits, concerts en viu oferts en directe, fins a la realitzaci\u00f3 d\u2019un gran drac, han omplert el dia que us oferim en imatges<\/p>\n<p><span style=\"font-weight: 400;\">\u00a0<\/span><\/p>\n<\/div>\n<div><\/div>\n","protected":false},"excerpt":{"rendered":"<p>Un any m\u00e9s, el dia 23 d\u2019abril celebrem la festivitat de sant Jordi a l\u2019escola.<br \/>\nTot seguit us deixem el recull fotogr\u00e0fic (fent clic a les paraules marcades de verd fosc) de les diferents activitats realitzades amb la seva corresponent descripci\u00f3.<br \/>\n<a href=\"https:\/\/photos.app.goo.gl\/eaS3Cw2tE9NkPpxb8\" target=\"_blank\" rel=\"noopener noreferrer\">Propostes varides&hellip;  <a href=\"https:\/\/agora.xtec.cat\/esc-teresabergada\/portada\/gaudim-dun-dia-de-llegenda\/\" title=\"Read GAUDIM D&#8217;UN DIA DE LLEGENDA\">Llegeix m\u00e9s\u00bb<\/a><\/p>\n","protected":false},"author":1,"featured_media":9237,"comment_status":"open","ping_status":"closed","sticky":false,"template":"","format":"standard","meta":{"_bbp_topic_count":0,"_bbp_reply_count":0,"_bbp_total_topic_count":0,"_bbp_total_reply_count":0,"_bbp_voice_count":0,"_bbp_anonymous_reply_count":0,"_bbp_topic_count_hidden":0,"_bbp_reply_count_hidden":0,"_bbp_forum_subforum_count":0,"footnotes":""},"categories":[4],"tags":[],"class_list":["post-9236","post","type-post","status-publish","format-standard","has-post-thumbnail","hentry","category-portada"],"post_mailing_queue_ids":[],"_links":{"self":[{"href":"https:\/\/agora.xtec.cat\/esc-teresabergada\/wp-json\/wp\/v2\/posts\/9236","targetHints":{"allow":["GET"]}}],"collection":[{"href":"https:\/\/agora.xtec.cat\/esc-teresabergada\/wp-json\/wp\/v2\/posts"}],"about":[{"href":"https:\/\/agora.xtec.cat\/esc-teresabergada\/wp-json\/wp\/v2\/types\/post"}],"author":[{"embeddable":true,"href":"https:\/\/agora.xtec.cat\/esc-teresabergada\/wp-json\/wp\/v2\/users\/1"}],"replies":[{"embeddable":true,"href":"https:\/\/agora.xtec.cat\/esc-teresabergada\/wp-json\/wp\/v2\/comments?post=9236"}],"version-history":[{"count":3,"href":"https:\/\/agora.xtec.cat\/esc-teresabergada\/wp-json\/wp\/v2\/posts\/9236\/revisions"}],"predecessor-version":[{"id":9240,"href":"https:\/\/agora.xtec.cat\/esc-teresabergada\/wp-json\/wp\/v2\/posts\/9236\/revisions\/9240"}],"wp:featuredmedia":[{"embeddable":true,"href":"https:\/\/agora.xtec.cat\/esc-teresabergada\/wp-json\/wp\/v2\/media\/9237"}],"wp:attachment":[{"href":"https:\/\/agora.xtec.cat\/esc-teresabergada\/wp-json\/wp\/v2\/media?parent=9236"}],"wp:term":[{"taxonomy":"category","embeddable":true,"href":"https:\/\/agora.xtec.cat\/esc-teresabergada\/wp-json\/wp\/v2\/categories?post=9236"},{"taxonomy":"post_tag","embeddable":true,"href":"https:\/\/agora.xtec.cat\/esc-teresabergada\/wp-json\/wp\/v2\/tags?post=9236"}],"curies":[{"name":"wp","href":"https:\/\/api.w.org\/{rel}","templated":true}]}}