{"id":9234,"date":"2021-04-26T15:49:06","date_gmt":"2021-04-26T13:49:06","guid":{"rendered":"http:\/\/agora.xtec.cat\/esc-teresabergada\/?p=9234"},"modified":"2021-09-17T09:33:58","modified_gmt":"2021-09-17T07:33:58","slug":"els-vitralls","status":"publish","type":"post","link":"https:\/\/agora.xtec.cat\/esc-teresabergada\/general\/els-vitralls\/","title":{"rendered":"Els vitralls"},"content":{"rendered":"<p>Un dijous a la tarda, a la sessi\u00f3 d&#8217;art vam fer els vitralls de la Seu Vella. Primer, vam plastificar els pl\u00e0stics. Despr\u00e9s, tots els alumnes vam escollir la sanefa que ens agradava m\u00e9s de les que la mestra ens havia preparat. A continuaci\u00f3, la vam pintar amb retoladors permanents. Alguns companys, van crear la seva pr\u00f2pia sanefa i tamb\u00e9 la van pintar al seu gust. Finalment, vam penjar tots els vitralls a les finestres de l&#8217;aula.<\/p>\n<p style=\"text-align: right\">Aran i Duna<\/p>\n<p><a href=\"https:\/\/agora.xtec.cat\/esc-teresabergada\/wp-content\/uploads\/usu1533\/2021\/04\/Sense-t\u00edtol.png\"><img loading=\"lazy\" decoding=\"async\" class=\"alignnone size-large wp-image-9241\" src=\"https:\/\/agora.xtec.cat\/esc-teresabergada\/wp-content\/uploads\/usu1533\/2021\/04\/Sense-t\u00edtol-1024x739.png\" alt=\"\" width=\"1024\" height=\"739\" srcset=\"https:\/\/agora.xtec.cat\/esc-teresabergada\/wp-content\/uploads\/usu1533\/2021\/04\/Sense-t\u00edtol-1024x739.png 1024w, https:\/\/agora.xtec.cat\/esc-teresabergada\/wp-content\/uploads\/usu1533\/2021\/04\/Sense-t\u00edtol-300x216.png 300w, https:\/\/agora.xtec.cat\/esc-teresabergada\/wp-content\/uploads\/usu1533\/2021\/04\/Sense-t\u00edtol-768x554.png 768w\" sizes=\"auto, (max-width: 1024px) 100vw, 1024px\" \/><\/a><\/p>\n","protected":false},"excerpt":{"rendered":"<p>Un dijous a la tarda, a la sessi\u00f3 d&#8217;art vam fer els vitralls de la Seu Vella. Primer, vam plastificar els pl\u00e0stics. Despr\u00e9s, tots els alumnes vam escollir la sanefa que ens agradava m\u00e9s de les que la mestra ens havia preparat. A continuaci\u00f3, la&hellip;  <a href=\"https:\/\/agora.xtec.cat\/esc-teresabergada\/general\/els-vitralls\/\" title=\"Read Els vitralls\">Llegeix m\u00e9s\u00bb<\/a><\/p>\n","protected":false},"author":1,"featured_media":9241,"comment_status":"open","ping_status":"closed","sticky":false,"template":"","format":"standard","meta":{"_bbp_topic_count":0,"_bbp_reply_count":0,"_bbp_total_topic_count":0,"_bbp_total_reply_count":0,"_bbp_voice_count":0,"_bbp_anonymous_reply_count":0,"_bbp_topic_count_hidden":0,"_bbp_reply_count_hidden":0,"_bbp_forum_subforum_count":0,"footnotes":""},"categories":[349,1],"tags":[],"class_list":["post-9234","post","type-post","status-publish","format-standard","has-post-thumbnail","hentry","category-5e","category-general"],"post_mailing_queue_ids":[],"_links":{"self":[{"href":"https:\/\/agora.xtec.cat\/esc-teresabergada\/wp-json\/wp\/v2\/posts\/9234","targetHints":{"allow":["GET"]}}],"collection":[{"href":"https:\/\/agora.xtec.cat\/esc-teresabergada\/wp-json\/wp\/v2\/posts"}],"about":[{"href":"https:\/\/agora.xtec.cat\/esc-teresabergada\/wp-json\/wp\/v2\/types\/post"}],"author":[{"embeddable":true,"href":"https:\/\/agora.xtec.cat\/esc-teresabergada\/wp-json\/wp\/v2\/users\/1"}],"replies":[{"embeddable":true,"href":"https:\/\/agora.xtec.cat\/esc-teresabergada\/wp-json\/wp\/v2\/comments?post=9234"}],"version-history":[{"count":2,"href":"https:\/\/agora.xtec.cat\/esc-teresabergada\/wp-json\/wp\/v2\/posts\/9234\/revisions"}],"predecessor-version":[{"id":9242,"href":"https:\/\/agora.xtec.cat\/esc-teresabergada\/wp-json\/wp\/v2\/posts\/9234\/revisions\/9242"}],"wp:featuredmedia":[{"embeddable":true,"href":"https:\/\/agora.xtec.cat\/esc-teresabergada\/wp-json\/wp\/v2\/media\/9241"}],"wp:attachment":[{"href":"https:\/\/agora.xtec.cat\/esc-teresabergada\/wp-json\/wp\/v2\/media?parent=9234"}],"wp:term":[{"taxonomy":"category","embeddable":true,"href":"https:\/\/agora.xtec.cat\/esc-teresabergada\/wp-json\/wp\/v2\/categories?post=9234"},{"taxonomy":"post_tag","embeddable":true,"href":"https:\/\/agora.xtec.cat\/esc-teresabergada\/wp-json\/wp\/v2\/tags?post=9234"}],"curies":[{"name":"wp","href":"https:\/\/api.w.org\/{rel}","templated":true}]}}