{"id":9145,"date":"2021-04-14T11:56:56","date_gmt":"2021-04-14T09:56:56","guid":{"rendered":"http:\/\/agora.xtec.cat\/esc-teresabergada\/?p=9145"},"modified":"2022-07-11T12:08:02","modified_gmt":"2022-07-11T10:08:02","slug":"treballem-la-revolucio-francesa-2","status":"publish","type":"post","link":"https:\/\/agora.xtec.cat\/esc-teresabergada\/blocs-de-primaria\/6e\/treballem-la-revolucio-francesa-2\/","title":{"rendered":"TREBALLEM LA REVOLUCI\u00d3 FRANCESA"},"content":{"rendered":"<p>El dimecres 7 d&#8217;abril vam comen\u00e7ar l&#8217;edat contempor\u00e0nia, amb la Revoluci\u00f3 Francesa, que es va iniciar l&#8217;any 1789 i va finalitzar el 1799.<\/p>\n<p>Escriurem un breu resum sobre qu\u00e8 va passar.<\/p>\n<p>Hi ha 3 coses molt importants per aprendre: es va<strong> acabar la desigualtat social<\/strong>, es va escriure un document anomenat els<strong> Drets de l&#8217;Home i el Ciutad\u00e0<\/strong> i es van dir <strong>noves idees democr\u00e0tiques<\/strong>.<\/p>\n<p>A part d&#8217;aix\u00f2, el 14 de juliol de 1789 es van treure de la pres\u00f3 de la Bastilla molts presoners tancats pel rei. Tamb\u00e9 es van decapitar els reis de Fran\u00e7a, Maria Antonieta i Llu\u00eds XVI, pel fet d&#8217;haver regnat.<\/p>\n<p>Per acabar, van sorgir aquestes 3 grans idees:<\/p>\n<h3><span style=\"color: #ff0000;\">La llibertat, la igualtat <\/span><span style=\"color: #ff0000;\">i l<\/span><span style=\"color: #ff0000;\">a fraternitat.<\/span><\/h3>\n<p><img loading=\"lazy\" decoding=\"async\" class=\"alignleft wp-image-9146 size-medium\" src=\"https:\/\/agora.xtec.cat\/esc-teresabergada\/wp-content\/uploads\/usu1533\/2021\/04\/Revoluci\u00f3-Francesa-300x186.jpeg\" alt=\"\" width=\"300\" height=\"186\" srcset=\"https:\/\/agora.xtec.cat\/esc-teresabergada\/wp-content\/uploads\/usu1533\/2021\/04\/Revoluci\u00f3-Francesa-300x186.jpeg 300w, https:\/\/agora.xtec.cat\/esc-teresabergada\/wp-content\/uploads\/usu1533\/2021\/04\/Revoluci\u00f3-Francesa.jpeg 540w\" sizes=\"auto, (max-width: 300px) 100vw, 300px\" \/><\/p>\n<p>&nbsp;<\/p>\n<p>&nbsp;<\/p>\n<p>&nbsp;<\/p>\n<p>&nbsp;<\/p>\n<p>&nbsp;<\/p>\n<p>Mariona i Carla<\/p>\n<h4><\/h4>\n","protected":false},"excerpt":{"rendered":"<p>El dimecres 7 d&#8217;abril vam comen\u00e7ar l&#8217;edat contempor\u00e0nia, amb la Revoluci\u00f3 Francesa, que es va iniciar l&#8217;any 1789 i va finalitzar el 1799.<br \/>\nEscriurem un breu resum sobre qu\u00e8 va passar.<br \/>\nHi ha 3 coses molt importants per aprendre: es va acabar la desigualtat social, es va&hellip;  <a href=\"https:\/\/agora.xtec.cat\/esc-teresabergada\/blocs-de-primaria\/6e\/treballem-la-revolucio-francesa-2\/\" title=\"Read TREBALLEM LA REVOLUCI\u00d3 FRANCESA\">Llegeix m\u00e9s\u00bb<\/a><\/p>\n","protected":false},"author":1,"featured_media":9146,"comment_status":"open","ping_status":"closed","sticky":false,"template":"","format":"standard","meta":{"_bbp_topic_count":0,"_bbp_reply_count":0,"_bbp_total_topic_count":0,"_bbp_total_reply_count":0,"_bbp_voice_count":0,"_bbp_anonymous_reply_count":0,"_bbp_topic_count_hidden":0,"_bbp_reply_count_hidden":0,"_bbp_forum_subforum_count":0,"footnotes":""},"categories":[240],"tags":[409],"class_list":["post-9145","post","type-post","status-publish","format-standard","has-post-thumbnail","hentry","category-6e","tag-historia-moderna-i-contemporania"],"post_mailing_queue_ids":[],"_links":{"self":[{"href":"https:\/\/agora.xtec.cat\/esc-teresabergada\/wp-json\/wp\/v2\/posts\/9145","targetHints":{"allow":["GET"]}}],"collection":[{"href":"https:\/\/agora.xtec.cat\/esc-teresabergada\/wp-json\/wp\/v2\/posts"}],"about":[{"href":"https:\/\/agora.xtec.cat\/esc-teresabergada\/wp-json\/wp\/v2\/types\/post"}],"author":[{"embeddable":true,"href":"https:\/\/agora.xtec.cat\/esc-teresabergada\/wp-json\/wp\/v2\/users\/1"}],"replies":[{"embeddable":true,"href":"https:\/\/agora.xtec.cat\/esc-teresabergada\/wp-json\/wp\/v2\/comments?post=9145"}],"version-history":[{"count":3,"href":"https:\/\/agora.xtec.cat\/esc-teresabergada\/wp-json\/wp\/v2\/posts\/9145\/revisions"}],"predecessor-version":[{"id":10926,"href":"https:\/\/agora.xtec.cat\/esc-teresabergada\/wp-json\/wp\/v2\/posts\/9145\/revisions\/10926"}],"wp:featuredmedia":[{"embeddable":true,"href":"https:\/\/agora.xtec.cat\/esc-teresabergada\/wp-json\/wp\/v2\/media\/9146"}],"wp:attachment":[{"href":"https:\/\/agora.xtec.cat\/esc-teresabergada\/wp-json\/wp\/v2\/media?parent=9145"}],"wp:term":[{"taxonomy":"category","embeddable":true,"href":"https:\/\/agora.xtec.cat\/esc-teresabergada\/wp-json\/wp\/v2\/categories?post=9145"},{"taxonomy":"post_tag","embeddable":true,"href":"https:\/\/agora.xtec.cat\/esc-teresabergada\/wp-json\/wp\/v2\/tags?post=9145"}],"curies":[{"name":"wp","href":"https:\/\/api.w.org\/{rel}","templated":true}]}}