{"id":9141,"date":"2021-04-14T09:45:21","date_gmt":"2021-04-14T07:45:21","guid":{"rendered":"http:\/\/agora.xtec.cat\/esc-teresabergada\/?p=9141"},"modified":"2021-09-15T16:02:29","modified_gmt":"2021-09-15T14:02:29","slug":"nova-zona-de-pati","status":"publish","type":"post","link":"https:\/\/agora.xtec.cat\/esc-teresabergada\/general\/nova-zona-de-pati\/","title":{"rendered":"NOVA ZONA DE PATI"},"content":{"rendered":"<p style=\"text-align: justify\">El dia 7d&#8217;abril, despr\u00e9s de valors, la Laura ens va comunicar que la direcci\u00f3 del centre havia decidit canviar a cada curs de zona de pati. La nostra classe de 5\u00e8 A ha passat del porxo al pati on es troben les cistelles de b\u00e0squet. A tota la classe li agrada m\u00e9s aquest espai per jugar perqu\u00e8 \u00e9s m\u00e9s gran.<\/p>\n<p><img loading=\"lazy\" decoding=\"async\" class=\"size-medium wp-image-9143 aligncenter\" src=\"https:\/\/agora.xtec.cat\/esc-teresabergada\/wp-content\/uploads\/usu1533\/2021\/04\/5b0b0857-b721-4516-b40f-aaddfaeac0fc-300x208.jpg\" alt=\"\" width=\"300\" height=\"208\" srcset=\"https:\/\/agora.xtec.cat\/esc-teresabergada\/wp-content\/uploads\/usu1533\/2021\/04\/5b0b0857-b721-4516-b40f-aaddfaeac0fc-300x208.jpg 300w, https:\/\/agora.xtec.cat\/esc-teresabergada\/wp-content\/uploads\/usu1533\/2021\/04\/5b0b0857-b721-4516-b40f-aaddfaeac0fc-768x533.jpg 768w, https:\/\/agora.xtec.cat\/esc-teresabergada\/wp-content\/uploads\/usu1533\/2021\/04\/5b0b0857-b721-4516-b40f-aaddfaeac0fc.jpg 1024w\" sizes=\"auto, (max-width: 300px) 100vw, 300px\" \/><\/p>\n<p style=\"text-align: justify\">Al final t&#8217;acostumes al canvi de zones, pensem que est\u00e0 b\u00e9 anar rotant perqu\u00e8 aix\u00ed anem passant tots els cursos pels diferents espais i \u00e9s una manera de compartir-ho. Encara que el millor seria que fos com abans: poder jugar tots junts i per tot el pati. AVIAT HO ACONSEGUIREM!!<\/p>\n<p style=\"text-align: justify\">Jan i Saul<\/p>\n","protected":false},"excerpt":{"rendered":"<p>El dia 7d&#8217;abril, despr\u00e9s de valors, la Laura ens va comunicar que la direcci\u00f3 del centre havia decidit canviar a cada curs de zona de pati. La nostra classe de 5\u00e8 A ha passat del porxo al pati on es troben les cistelles de b\u00e0squet.&hellip;  <a href=\"https:\/\/agora.xtec.cat\/esc-teresabergada\/general\/nova-zona-de-pati\/\" title=\"Read NOVA ZONA DE PATI\">Llegeix m\u00e9s\u00bb<\/a><\/p>\n","protected":false},"author":32,"featured_media":9143,"comment_status":"open","ping_status":"closed","sticky":false,"template":"","format":"standard","meta":{"_bbp_topic_count":0,"_bbp_reply_count":0,"_bbp_total_topic_count":0,"_bbp_total_reply_count":0,"_bbp_voice_count":0,"_bbp_anonymous_reply_count":0,"_bbp_topic_count_hidden":0,"_bbp_reply_count_hidden":0,"_bbp_forum_subforum_count":0,"footnotes":""},"categories":[349,240,1],"tags":[523],"class_list":["post-9141","post","type-post","status-publish","format-standard","has-post-thumbnail","hentry","category-5e","category-6e","category-general","tag-redactoriredactoradelblog"],"post_mailing_queue_ids":[],"_links":{"self":[{"href":"https:\/\/agora.xtec.cat\/esc-teresabergada\/wp-json\/wp\/v2\/posts\/9141","targetHints":{"allow":["GET"]}}],"collection":[{"href":"https:\/\/agora.xtec.cat\/esc-teresabergada\/wp-json\/wp\/v2\/posts"}],"about":[{"href":"https:\/\/agora.xtec.cat\/esc-teresabergada\/wp-json\/wp\/v2\/types\/post"}],"author":[{"embeddable":true,"href":"https:\/\/agora.xtec.cat\/esc-teresabergada\/wp-json\/wp\/v2\/users\/32"}],"replies":[{"embeddable":true,"href":"https:\/\/agora.xtec.cat\/esc-teresabergada\/wp-json\/wp\/v2\/comments?post=9141"}],"version-history":[{"count":2,"href":"https:\/\/agora.xtec.cat\/esc-teresabergada\/wp-json\/wp\/v2\/posts\/9141\/revisions"}],"predecessor-version":[{"id":9144,"href":"https:\/\/agora.xtec.cat\/esc-teresabergada\/wp-json\/wp\/v2\/posts\/9141\/revisions\/9144"}],"wp:featuredmedia":[{"embeddable":true,"href":"https:\/\/agora.xtec.cat\/esc-teresabergada\/wp-json\/wp\/v2\/media\/9143"}],"wp:attachment":[{"href":"https:\/\/agora.xtec.cat\/esc-teresabergada\/wp-json\/wp\/v2\/media?parent=9141"}],"wp:term":[{"taxonomy":"category","embeddable":true,"href":"https:\/\/agora.xtec.cat\/esc-teresabergada\/wp-json\/wp\/v2\/categories?post=9141"},{"taxonomy":"post_tag","embeddable":true,"href":"https:\/\/agora.xtec.cat\/esc-teresabergada\/wp-json\/wp\/v2\/tags?post=9141"}],"curies":[{"name":"wp","href":"https:\/\/api.w.org\/{rel}","templated":true}]}}