{"id":9093,"date":"2021-04-08T10:29:05","date_gmt":"2021-04-08T08:29:05","guid":{"rendered":"http:\/\/agora.xtec.cat\/esc-teresabergada\/?p=9093"},"modified":"2021-09-15T16:02:29","modified_gmt":"2021-09-15T14:02:29","slug":"treballem-la-revolucio-francesa","status":"publish","type":"post","link":"https:\/\/agora.xtec.cat\/esc-teresabergada\/general\/treballem-la-revolucio-francesa\/","title":{"rendered":"TREBALLEM LA REVOLUCI\u00d3 FRANCESA"},"content":{"rendered":"<p style=\"text-align: justify\">Els i les alumnes de 5\u00e8 A de l&#8217;Escola Teresa Bergad\u00e0 d&#8217;Alguaire estem estudiant la Revoluci\u00f3 Francesa i la nostra mestra ens va preguntar si\u00a0 sab\u00edem per quin motiu es va produir. Primer vam escriure la nostra opini\u00f3 i despr\u00e9s la vam compartir amb la resta de companys\/es. Seguidament vam mirar un v\u00eddeo on vam veure que tres fil\u00f2sofs anomenats Voltaire, Rousseau i Montesquieu van aportar idees per crear la Revoluci\u00f3.<\/p>\n<p style=\"text-align: justify\">Ens est\u00e0 agradant molt aquesta etapa de la hist\u00f2ria perqu\u00e8 ens explica injust\u00edcies que passaven a la societat dels no privilegiats fa segles.<\/p>\n<p style=\"text-align: justify\">Danny i Paula.<\/p>\n<p><img loading=\"lazy\" decoding=\"async\" class=\"size-medium wp-image-9095 aligncenter\" src=\"https:\/\/agora.xtec.cat\/esc-teresabergada\/wp-content\/uploads\/usu1533\/2021\/04\/francia_1-300x225.jpg\" alt=\"\" width=\"300\" height=\"225\" srcset=\"https:\/\/agora.xtec.cat\/esc-teresabergada\/wp-content\/uploads\/usu1533\/2021\/04\/francia_1-300x225.jpg 300w, https:\/\/agora.xtec.cat\/esc-teresabergada\/wp-content\/uploads\/usu1533\/2021\/04\/francia_1-200x150.jpg 200w, https:\/\/agora.xtec.cat\/esc-teresabergada\/wp-content\/uploads\/usu1533\/2021\/04\/francia_1.jpg 760w\" sizes=\"auto, (max-width: 300px) 100vw, 300px\" \/><\/p>\n","protected":false},"excerpt":{"rendered":"<p>Els i les alumnes de 5\u00e8 A de l&#8217;Escola Teresa Bergad\u00e0 d&#8217;Alguaire estem estudiant la Revoluci\u00f3 Francesa i la nostra mestra ens va preguntar si\u00a0 sab\u00edem per quin motiu es va produir. Primer vam escriure la nostra opini\u00f3 i despr\u00e9s la vam compartir amb la&hellip;  <a href=\"https:\/\/agora.xtec.cat\/esc-teresabergada\/general\/treballem-la-revolucio-francesa\/\" title=\"Read TREBALLEM LA REVOLUCI\u00d3 FRANCESA\">Llegeix m\u00e9s\u00bb<\/a><\/p>\n","protected":false},"author":32,"featured_media":9095,"comment_status":"open","ping_status":"closed","sticky":false,"template":"","format":"standard","meta":{"_bbp_topic_count":0,"_bbp_reply_count":0,"_bbp_total_topic_count":0,"_bbp_total_reply_count":0,"_bbp_voice_count":0,"_bbp_anonymous_reply_count":0,"_bbp_topic_count_hidden":0,"_bbp_reply_count_hidden":0,"_bbp_forum_subforum_count":0,"footnotes":""},"categories":[349,240,1],"tags":[523],"class_list":["post-9093","post","type-post","status-publish","format-standard","has-post-thumbnail","hentry","category-5e","category-6e","category-general","tag-redactoriredactoradelblog"],"post_mailing_queue_ids":[],"_links":{"self":[{"href":"https:\/\/agora.xtec.cat\/esc-teresabergada\/wp-json\/wp\/v2\/posts\/9093","targetHints":{"allow":["GET"]}}],"collection":[{"href":"https:\/\/agora.xtec.cat\/esc-teresabergada\/wp-json\/wp\/v2\/posts"}],"about":[{"href":"https:\/\/agora.xtec.cat\/esc-teresabergada\/wp-json\/wp\/v2\/types\/post"}],"author":[{"embeddable":true,"href":"https:\/\/agora.xtec.cat\/esc-teresabergada\/wp-json\/wp\/v2\/users\/32"}],"replies":[{"embeddable":true,"href":"https:\/\/agora.xtec.cat\/esc-teresabergada\/wp-json\/wp\/v2\/comments?post=9093"}],"version-history":[{"count":2,"href":"https:\/\/agora.xtec.cat\/esc-teresabergada\/wp-json\/wp\/v2\/posts\/9093\/revisions"}],"predecessor-version":[{"id":9096,"href":"https:\/\/agora.xtec.cat\/esc-teresabergada\/wp-json\/wp\/v2\/posts\/9093\/revisions\/9096"}],"wp:featuredmedia":[{"embeddable":true,"href":"https:\/\/agora.xtec.cat\/esc-teresabergada\/wp-json\/wp\/v2\/media\/9095"}],"wp:attachment":[{"href":"https:\/\/agora.xtec.cat\/esc-teresabergada\/wp-json\/wp\/v2\/media?parent=9093"}],"wp:term":[{"taxonomy":"category","embeddable":true,"href":"https:\/\/agora.xtec.cat\/esc-teresabergada\/wp-json\/wp\/v2\/categories?post=9093"},{"taxonomy":"post_tag","embeddable":true,"href":"https:\/\/agora.xtec.cat\/esc-teresabergada\/wp-json\/wp\/v2\/tags?post=9093"}],"curies":[{"name":"wp","href":"https:\/\/api.w.org\/{rel}","templated":true}]}}