{"id":9080,"date":"2021-04-08T20:39:14","date_gmt":"2021-04-08T18:39:14","guid":{"rendered":"http:\/\/agora.xtec.cat\/esc-teresabergada\/?p=9080"},"modified":"2021-09-17T09:34:04","modified_gmt":"2021-09-17T07:34:04","slug":"els-poligons","status":"publish","type":"post","link":"https:\/\/agora.xtec.cat\/esc-teresabergada\/general\/els-poligons\/","title":{"rendered":"ELS POL\u00cdGONS"},"content":{"rendered":"<p style=\"text-align: left\">Un dilluns al mat\u00ed a les dues sessions de matem\u00e0tiques, vam baixar al pati. Ens vam ficar en grups de quatre i vam fer una activitat de pol\u00edgons.<\/p>\n<p style=\"text-align: left\">Per fer aquesta activitat, vam fer servir pals, cons, guixos i cordes. Primer de tot, vam escalfar per fer un joc, despr\u00e9s amb els grups que est\u00e0vem el practicant, Albert, ens va dir que f\u00e9ssim un pent\u00e0gon, un triangle i un pol\u00edgon inventat amb el material que us hem explicat abans.<\/p>\n<p style=\"text-align: left\">En acabar, tots els grups vam posar, en com\u00fa el que tenien els nostres pol\u00edgons i els vam classificar per regulars i irregulars i pel nombre de costats.<\/p>\n<p style=\"text-align: left\"><span class=\"hiddenSpellError\">Die<\/span>\u00a0i Pau.<\/p>\n<p><a href=\"https:\/\/agora.xtec.cat\/esc-teresabergada\/wp-content\/uploads\/usu1533\/2021\/04\/FOTO.jpg\"><img loading=\"lazy\" decoding=\"async\" class=\"alignnone size-full wp-image-9097\" src=\"https:\/\/agora.xtec.cat\/esc-teresabergada\/wp-content\/uploads\/usu1533\/2021\/04\/FOTO.jpg\" alt=\"\" width=\"1023\" height=\"595\" \/><\/a><\/p>\n","protected":false},"excerpt":{"rendered":"<p>Un dilluns al mat\u00ed a les dues sessions de matem\u00e0tiques, vam baixar al pati. Ens vam ficar en grups de quatre i vam fer una activitat de pol\u00edgons.<br \/>\nPer fer aquesta activitat, vam fer servir pals, cons, guixos i cordes. Primer de tot, vam escalfar per&hellip;  <a href=\"https:\/\/agora.xtec.cat\/esc-teresabergada\/general\/els-poligons\/\" title=\"Read ELS POL\u00cdGONS\">Llegeix m\u00e9s\u00bb<\/a><\/p>\n","protected":false},"author":1,"featured_media":0,"comment_status":"open","ping_status":"closed","sticky":false,"template":"","format":"standard","meta":{"_bbp_topic_count":0,"_bbp_reply_count":0,"_bbp_total_topic_count":0,"_bbp_total_reply_count":0,"_bbp_voice_count":0,"_bbp_anonymous_reply_count":0,"_bbp_topic_count_hidden":0,"_bbp_reply_count_hidden":0,"_bbp_forum_subforum_count":0,"footnotes":""},"categories":[349,1],"tags":[],"class_list":["post-9080","post","type-post","status-publish","format-standard","hentry","category-5e","category-general"],"post_mailing_queue_ids":[],"_links":{"self":[{"href":"https:\/\/agora.xtec.cat\/esc-teresabergada\/wp-json\/wp\/v2\/posts\/9080","targetHints":{"allow":["GET"]}}],"collection":[{"href":"https:\/\/agora.xtec.cat\/esc-teresabergada\/wp-json\/wp\/v2\/posts"}],"about":[{"href":"https:\/\/agora.xtec.cat\/esc-teresabergada\/wp-json\/wp\/v2\/types\/post"}],"author":[{"embeddable":true,"href":"https:\/\/agora.xtec.cat\/esc-teresabergada\/wp-json\/wp\/v2\/users\/1"}],"replies":[{"embeddable":true,"href":"https:\/\/agora.xtec.cat\/esc-teresabergada\/wp-json\/wp\/v2\/comments?post=9080"}],"version-history":[{"count":1,"href":"https:\/\/agora.xtec.cat\/esc-teresabergada\/wp-json\/wp\/v2\/posts\/9080\/revisions"}],"predecessor-version":[{"id":9098,"href":"https:\/\/agora.xtec.cat\/esc-teresabergada\/wp-json\/wp\/v2\/posts\/9080\/revisions\/9098"}],"wp:attachment":[{"href":"https:\/\/agora.xtec.cat\/esc-teresabergada\/wp-json\/wp\/v2\/media?parent=9080"}],"wp:term":[{"taxonomy":"category","embeddable":true,"href":"https:\/\/agora.xtec.cat\/esc-teresabergada\/wp-json\/wp\/v2\/categories?post=9080"},{"taxonomy":"post_tag","embeddable":true,"href":"https:\/\/agora.xtec.cat\/esc-teresabergada\/wp-json\/wp\/v2\/tags?post=9080"}],"curies":[{"name":"wp","href":"https:\/\/api.w.org\/{rel}","templated":true}]}}