{"id":9069,"date":"2021-03-29T22:46:14","date_gmt":"2021-03-29T20:46:14","guid":{"rendered":"http:\/\/agora.xtec.cat\/esc-teresabergada\/?p=9069"},"modified":"2021-10-26T16:23:59","modified_gmt":"2021-10-26T14:23:59","slug":"fem-la-mona","status":"publish","type":"post","link":"https:\/\/agora.xtec.cat\/esc-teresabergada\/infantil\/fem-la-mona\/","title":{"rendered":"Fem la Mona."},"content":{"rendered":"<p>Enguany s\u00ed que hem fet la Mona a l&#8217;escola. Seguint la l\u00ednia de mantenir la normalitat quotidiana a l&#8217;escola i de les activitats m\u00e9s representatives de la nostra cultura i costums, no hem volgut renunciar a celebrar la Mona.<\/p>\n<p>\u00c9s el primer any que tenim pa de pessic casol\u00e0 ja que la l&#8217;\u00c0ngels, tutora de P4, ha fet els sis pans de pessic\u00a0 que hem utilitzat per guarnir a la classe. Ous, farina, sucre i un ingredient necessari i imprescindible com \u00e9s l&#8217;AMOR, tal com diu l&#8217;\u00c0ngels.<\/p>\n<p>Doncs seguint al peu de la lletra les indicacions de la nostra cuinera particular, a l&#8217;hora de fer el guarniment, vam utilitzar molt amor. Vam remullar el pa de pessic, obert pel mig, amb alm\u00edvar i el vam untar amb melmelada de pr\u00e9ssec. Els nens i nenes de P3 vam haver de tastar l&#8217;alm\u00edvar perqu\u00e8 no ten\u00edem clar qu\u00e8 era. Despr\u00e9s va ser el torn de la crema de xocolata, tamb\u00e9 d&#8217;elaboraci\u00f3 casolana, fet amb xocolata per fondre i nata. Finalment els ornaments que ho van rematar: fideuets de xocolata, lacasitos de colors, ouets de xocolata embolicats amb paperets de colors i plomes tamb\u00e9 de coloraines.<\/p>\n<p>Pensem que ens ho vam passar molt b\u00e9 realitzant la decoraci\u00f3 de la Mona i menjant-nos-la encara m\u00e9s; mmmmmm.<\/p>\n<p>Aqu\u00ed teniu un v\u00eddeo resum dels moments m\u00e9s representatius.<\/p>\n<p><a href=\"https:\/\/drive.google.com\/file\/d\/1wQTdm6NQoyhquv8b2vC3sJhB3DRDnAYZ\/view?usp=sharing\"><img loading=\"lazy\" decoding=\"async\" class=\"alignnone wp-image-9070\" src=\"https:\/\/agora.xtec.cat\/esc-teresabergada\/wp-content\/uploads\/usu1533\/2021\/03\/CAR\u00c0TULA-VIDEO.jpg\" alt=\"\" width=\"416\" height=\"235\" srcset=\"https:\/\/agora.xtec.cat\/esc-teresabergada\/wp-content\/uploads\/usu1533\/2021\/03\/CAR\u00c0TULA-VIDEO.jpg 802w, https:\/\/agora.xtec.cat\/esc-teresabergada\/wp-content\/uploads\/usu1533\/2021\/03\/CAR\u00c0TULA-VIDEO-300x169.jpg 300w, https:\/\/agora.xtec.cat\/esc-teresabergada\/wp-content\/uploads\/usu1533\/2021\/03\/CAR\u00c0TULA-VIDEO-768x433.jpg 768w\" sizes=\"auto, (max-width: 416px) 100vw, 416px\" \/><\/a><\/p>\n","protected":false},"excerpt":{"rendered":"<p>Enguany s\u00ed que hem fet la Mona a l&#8217;escola. Seguint la l\u00ednia de mantenir la normalitat quotidiana a l&#8217;escola i de les activitats m\u00e9s representatives de la nostra cultura i costums, no hem volgut renunciar a celebrar la Mona.<br \/>\n\u00c9s el primer any que tenim pa&hellip;  <a href=\"https:\/\/agora.xtec.cat\/esc-teresabergada\/infantil\/fem-la-mona\/\" title=\"Read Fem la Mona.\">Llegeix m\u00e9s\u00bb<\/a><\/p>\n","protected":false},"author":12,"featured_media":9070,"comment_status":"open","ping_status":"closed","sticky":false,"template":"","format":"standard","meta":{"_bbp_topic_count":0,"_bbp_reply_count":0,"_bbp_total_topic_count":0,"_bbp_total_reply_count":0,"_bbp_voice_count":0,"_bbp_anonymous_reply_count":0,"_bbp_topic_count_hidden":0,"_bbp_reply_count_hidden":0,"_bbp_forum_subforum_count":0,"footnotes":""},"categories":[348,236,251,2],"tags":[121,560],"class_list":["post-9069","post","type-post","status-publish","format-standard","has-post-thumbnail","hentry","category-1r","category-i4","category-i5","category-infantil","tag-educacio-infantil","tag-la-mona"],"post_mailing_queue_ids":[],"_links":{"self":[{"href":"https:\/\/agora.xtec.cat\/esc-teresabergada\/wp-json\/wp\/v2\/posts\/9069","targetHints":{"allow":["GET"]}}],"collection":[{"href":"https:\/\/agora.xtec.cat\/esc-teresabergada\/wp-json\/wp\/v2\/posts"}],"about":[{"href":"https:\/\/agora.xtec.cat\/esc-teresabergada\/wp-json\/wp\/v2\/types\/post"}],"author":[{"embeddable":true,"href":"https:\/\/agora.xtec.cat\/esc-teresabergada\/wp-json\/wp\/v2\/users\/12"}],"replies":[{"embeddable":true,"href":"https:\/\/agora.xtec.cat\/esc-teresabergada\/wp-json\/wp\/v2\/comments?post=9069"}],"version-history":[{"count":3,"href":"https:\/\/agora.xtec.cat\/esc-teresabergada\/wp-json\/wp\/v2\/posts\/9069\/revisions"}],"predecessor-version":[{"id":9075,"href":"https:\/\/agora.xtec.cat\/esc-teresabergada\/wp-json\/wp\/v2\/posts\/9069\/revisions\/9075"}],"wp:featuredmedia":[{"embeddable":true,"href":"https:\/\/agora.xtec.cat\/esc-teresabergada\/wp-json\/wp\/v2\/media\/9070"}],"wp:attachment":[{"href":"https:\/\/agora.xtec.cat\/esc-teresabergada\/wp-json\/wp\/v2\/media?parent=9069"}],"wp:term":[{"taxonomy":"category","embeddable":true,"href":"https:\/\/agora.xtec.cat\/esc-teresabergada\/wp-json\/wp\/v2\/categories?post=9069"},{"taxonomy":"post_tag","embeddable":true,"href":"https:\/\/agora.xtec.cat\/esc-teresabergada\/wp-json\/wp\/v2\/tags?post=9069"}],"curies":[{"name":"wp","href":"https:\/\/api.w.org\/{rel}","templated":true}]}}