{"id":9045,"date":"2021-03-25T09:19:20","date_gmt":"2021-03-25T08:19:20","guid":{"rendered":"http:\/\/agora.xtec.cat\/esc-teresabergada\/?p=9045"},"modified":"2021-09-17T09:34:10","modified_gmt":"2021-09-17T07:34:10","slug":"treballem-la-pilarin","status":"publish","type":"post","link":"https:\/\/agora.xtec.cat\/esc-teresabergada\/general\/treballem-la-pilarin\/","title":{"rendered":"TREBALLEM LA PILAR\u00cdN."},"content":{"rendered":"<p>La nostra classe hem treballat durant aquests dies a Art l&#8217;autora\u00a0<span class=\"hiddenSpellError\">Pilar\u00edn<\/span>\u00a0<span class=\"hiddenSpellError\">Bay\u00e9s<\/span>\u00a0i hem vist v\u00eddeos d&#8217;ella. Ella va n\u00e9ixer el 1941 i des que va estudiar Belles Arts que dibuixa. A l&#8217;assignatura d&#8217;Art cadasc\u00fa va escollir un dibuix de la\u00a0<span class=\"hiddenSpellError\">Pilar\u00edn<\/span>\u00a0i els nostres van ser\u00a0<span class=\"hiddenGrammarError\">la Farinetes<\/span>\u00a0i el Patufet.<\/p>\n<p>El proc\u00e9s que hem fet per pintar els dibuixos \u00e9s dibuixar el que vol\u00edem, despr\u00e9s agafar les aquarel\u00b7les, uns vasos i un mocador. A continuaci\u00f3, per comen\u00e7ar a pintar, hem ficat una mica d&#8217;aigua dels vasos als recipients petits de les aquarel\u00b7les.<\/p>\n<p>Quan hem acabat tamb\u00e9 hem fet monuments de Catalunya de la Pilar\u00edn. Lleida, Barcelona, Tarragona i Girona<\/p>\n<p>Axel i Paula.<\/p>\n<p>&nbsp;<\/p>\n<p><a href=\"https:\/\/agora.xtec.cat\/esc-teresabergada\/wp-content\/uploads\/usu1533\/2021\/03\/image-1.jpg\"><img loading=\"lazy\" decoding=\"async\" class=\"alignnone size-large wp-image-9051\" src=\"https:\/\/agora.xtec.cat\/esc-teresabergada\/wp-content\/uploads\/usu1533\/2021\/03\/image-1-1024x492.jpg\" alt=\"\" width=\"1024\" height=\"492\" srcset=\"https:\/\/agora.xtec.cat\/esc-teresabergada\/wp-content\/uploads\/usu1533\/2021\/03\/image-1-1024x492.jpg 1024w, https:\/\/agora.xtec.cat\/esc-teresabergada\/wp-content\/uploads\/usu1533\/2021\/03\/image-1-300x144.jpg 300w, https:\/\/agora.xtec.cat\/esc-teresabergada\/wp-content\/uploads\/usu1533\/2021\/03\/image-1-768x369.jpg 768w\" sizes=\"auto, (max-width: 1024px) 100vw, 1024px\" \/><\/a><\/p>\n<p>&nbsp;<\/p>\n","protected":false},"excerpt":{"rendered":"<p>La nostra classe hem treballat durant aquests dies a Art l&#8217;autora\u00a0Pilar\u00edn\u00a0Bay\u00e9s\u00a0i hem vist v\u00eddeos d&#8217;ella. Ella va n\u00e9ixer el 1941 i des que va estudiar Belles Arts que dibuixa. A l&#8217;assignatura d&#8217;Art cadasc\u00fa va escollir un dibuix de la\u00a0Pilar\u00edn\u00a0i els nostres van ser\u00a0la Farinetes\u00a0i el&hellip;  <a href=\"https:\/\/agora.xtec.cat\/esc-teresabergada\/general\/treballem-la-pilarin\/\" title=\"Read TREBALLEM LA PILAR\u00cdN.\">Llegeix m\u00e9s\u00bb<\/a><\/p>\n","protected":false},"author":1,"featured_media":9051,"comment_status":"open","ping_status":"closed","sticky":false,"template":"","format":"standard","meta":{"_bbp_topic_count":0,"_bbp_reply_count":0,"_bbp_total_topic_count":0,"_bbp_total_reply_count":0,"_bbp_voice_count":0,"_bbp_anonymous_reply_count":0,"_bbp_topic_count_hidden":0,"_bbp_reply_count_hidden":0,"_bbp_forum_subforum_count":0,"footnotes":""},"categories":[349,1],"tags":[],"class_list":["post-9045","post","type-post","status-publish","format-standard","has-post-thumbnail","hentry","category-5e","category-general"],"post_mailing_queue_ids":[],"_links":{"self":[{"href":"https:\/\/agora.xtec.cat\/esc-teresabergada\/wp-json\/wp\/v2\/posts\/9045","targetHints":{"allow":["GET"]}}],"collection":[{"href":"https:\/\/agora.xtec.cat\/esc-teresabergada\/wp-json\/wp\/v2\/posts"}],"about":[{"href":"https:\/\/agora.xtec.cat\/esc-teresabergada\/wp-json\/wp\/v2\/types\/post"}],"author":[{"embeddable":true,"href":"https:\/\/agora.xtec.cat\/esc-teresabergada\/wp-json\/wp\/v2\/users\/1"}],"replies":[{"embeddable":true,"href":"https:\/\/agora.xtec.cat\/esc-teresabergada\/wp-json\/wp\/v2\/comments?post=9045"}],"version-history":[{"count":3,"href":"https:\/\/agora.xtec.cat\/esc-teresabergada\/wp-json\/wp\/v2\/posts\/9045\/revisions"}],"predecessor-version":[{"id":9057,"href":"https:\/\/agora.xtec.cat\/esc-teresabergada\/wp-json\/wp\/v2\/posts\/9045\/revisions\/9057"}],"wp:featuredmedia":[{"embeddable":true,"href":"https:\/\/agora.xtec.cat\/esc-teresabergada\/wp-json\/wp\/v2\/media\/9051"}],"wp:attachment":[{"href":"https:\/\/agora.xtec.cat\/esc-teresabergada\/wp-json\/wp\/v2\/media?parent=9045"}],"wp:term":[{"taxonomy":"category","embeddable":true,"href":"https:\/\/agora.xtec.cat\/esc-teresabergada\/wp-json\/wp\/v2\/categories?post=9045"},{"taxonomy":"post_tag","embeddable":true,"href":"https:\/\/agora.xtec.cat\/esc-teresabergada\/wp-json\/wp\/v2\/tags?post=9045"}],"curies":[{"name":"wp","href":"https:\/\/api.w.org\/{rel}","templated":true}]}}