{"id":9036,"date":"2021-03-22T12:28:09","date_gmt":"2021-03-22T11:28:09","guid":{"rendered":"http:\/\/agora.xtec.cat\/esc-teresabergada\/?p=9036"},"modified":"2021-03-22T12:28:09","modified_gmt":"2021-03-22T11:28:09","slug":"nou-futur","status":"publish","type":"post","link":"https:\/\/agora.xtec.cat\/esc-teresabergada\/general\/nou-futur\/","title":{"rendered":"NOU FUTUR"},"content":{"rendered":"<p style=\"text-align: justify\">El dilluns 15 de mar\u00e7 de 2021 vam cantar al pati del col\u00b7legi una can\u00e7\u00f3 per celebrar que ja no estem confinats i podem anar a l&#8217;escola.<\/p>\n<p><img loading=\"lazy\" decoding=\"async\" class=\"size-medium wp-image-8976 aligncenter\" src=\"https:\/\/agora.xtec.cat\/esc-teresabergada\/wp-content\/uploads\/usu1533\/2021\/03\/un-any-de-pand\u00e8mia-300x146.jpeg\" alt=\"\" width=\"300\" height=\"146\" \/><\/p>\n<p style=\"text-align: justify\">L&#8217;hem estat cantant amb la senyoreta Miriam a les classes de m\u00fasica durant unes setmanes. Aquesta can\u00e7\u00f3 es titula &#8220;Nou futur&#8221; i \u00e9s molt bonica.<\/p>\n<p><img loading=\"lazy\" decoding=\"async\" class=\"size-medium wp-image-9037 aligncenter\" src=\"https:\/\/agora.xtec.cat\/esc-teresabergada\/wp-content\/uploads\/usu1533\/2021\/03\/petit-taller-de-cancons-el-nou-futur-portada-300x300.jpg\" alt=\"\" width=\"300\" height=\"300\" srcset=\"https:\/\/agora.xtec.cat\/esc-teresabergada\/wp-content\/uploads\/usu1533\/2021\/03\/petit-taller-de-cancons-el-nou-futur-portada-300x300.jpg 300w, https:\/\/agora.xtec.cat\/esc-teresabergada\/wp-content\/uploads\/usu1533\/2021\/03\/petit-taller-de-cancons-el-nou-futur-portada-150x150.jpg 150w, https:\/\/agora.xtec.cat\/esc-teresabergada\/wp-content\/uploads\/usu1533\/2021\/03\/petit-taller-de-cancons-el-nou-futur-portada.jpg 500w\" sizes=\"auto, (max-width: 300px) 100vw, 300px\" \/><\/p>\n<p>Denisa i Ot<\/p>\n","protected":false},"excerpt":{"rendered":"<p>El dilluns 15 de mar\u00e7 de 2021 vam cantar al pati del col\u00b7legi una can\u00e7\u00f3 per celebrar que ja no estem confinats i podem anar a l&#8217;escola.<\/p>\n<p>L&#8217;hem estat cantant amb la senyoreta Miriam a les classes de m\u00fasica durant unes setmanes. Aquesta can\u00e7\u00f3 es titula&hellip;  <a href=\"https:\/\/agora.xtec.cat\/esc-teresabergada\/general\/nou-futur\/\" title=\"Read NOU FUTUR\">Llegeix m\u00e9s\u00bb<\/a><\/p>\n","protected":false},"author":32,"featured_media":9037,"comment_status":"open","ping_status":"closed","sticky":false,"template":"","format":"standard","meta":{"_bbp_topic_count":0,"_bbp_reply_count":0,"_bbp_total_topic_count":0,"_bbp_total_reply_count":0,"_bbp_voice_count":0,"_bbp_anonymous_reply_count":0,"_bbp_topic_count_hidden":0,"_bbp_reply_count_hidden":0,"_bbp_forum_subforum_count":0,"footnotes":""},"categories":[1],"tags":[523],"class_list":["post-9036","post","type-post","status-publish","format-standard","has-post-thumbnail","hentry","category-general","tag-redactoriredactoradelblog"],"post_mailing_queue_ids":[],"_links":{"self":[{"href":"https:\/\/agora.xtec.cat\/esc-teresabergada\/wp-json\/wp\/v2\/posts\/9036","targetHints":{"allow":["GET"]}}],"collection":[{"href":"https:\/\/agora.xtec.cat\/esc-teresabergada\/wp-json\/wp\/v2\/posts"}],"about":[{"href":"https:\/\/agora.xtec.cat\/esc-teresabergada\/wp-json\/wp\/v2\/types\/post"}],"author":[{"embeddable":true,"href":"https:\/\/agora.xtec.cat\/esc-teresabergada\/wp-json\/wp\/v2\/users\/32"}],"replies":[{"embeddable":true,"href":"https:\/\/agora.xtec.cat\/esc-teresabergada\/wp-json\/wp\/v2\/comments?post=9036"}],"version-history":[{"count":1,"href":"https:\/\/agora.xtec.cat\/esc-teresabergada\/wp-json\/wp\/v2\/posts\/9036\/revisions"}],"predecessor-version":[{"id":9038,"href":"https:\/\/agora.xtec.cat\/esc-teresabergada\/wp-json\/wp\/v2\/posts\/9036\/revisions\/9038"}],"wp:featuredmedia":[{"embeddable":true,"href":"https:\/\/agora.xtec.cat\/esc-teresabergada\/wp-json\/wp\/v2\/media\/9037"}],"wp:attachment":[{"href":"https:\/\/agora.xtec.cat\/esc-teresabergada\/wp-json\/wp\/v2\/media?parent=9036"}],"wp:term":[{"taxonomy":"category","embeddable":true,"href":"https:\/\/agora.xtec.cat\/esc-teresabergada\/wp-json\/wp\/v2\/categories?post=9036"},{"taxonomy":"post_tag","embeddable":true,"href":"https:\/\/agora.xtec.cat\/esc-teresabergada\/wp-json\/wp\/v2\/tags?post=9036"}],"curies":[{"name":"wp","href":"https:\/\/api.w.org\/{rel}","templated":true}]}}