{"id":9030,"date":"2021-03-20T11:29:51","date_gmt":"2021-03-20T10:29:51","guid":{"rendered":"http:\/\/agora.xtec.cat\/esc-teresabergada\/?p=9030"},"modified":"2021-10-26T16:18:55","modified_gmt":"2021-10-26T14:18:55","slug":"sortida-gegants-dalguaire","status":"publish","type":"post","link":"https:\/\/agora.xtec.cat\/esc-teresabergada\/infantil\/i4\/sortida-gegants-dalguaire\/","title":{"rendered":"Sortida Gegants d&#8217;Alguaire"},"content":{"rendered":"<p>Som de la classe dels Gegants i les Gegantes. Des qu\u00e8 vam decidir ser gegants i gegantes i que vam esbrinar que -amb ajut dels nens i les nenes de sis\u00e8-\u00a0 a Alguaire hi havia dos gegants, hem treballat per poder visitar-los. Aquest divendres 19 de mar\u00e7, hem fet una sortida molt especial per nosaltres, la classe de P3. La classe de P4 tamb\u00e9 ens ha pogut acompanyar i ha gaudit de la visita.<\/p>\n<p>La Roser Llovet ens va facilitar dades sobre l&#8217;al\u00e7ada, el pes, l&#8217;any de fabricaci\u00f3, el material d&#8217;abans i d&#8217;ara, les modistes que van fer els vestits nous i m\u00e9s dades importants per nosaltres. Hem confeccionat notes col\u00b7lectives per posar-nos en contacte amb l&#8217;Ajuntament i per fi hem pogut anar a veure els Gegants d&#8217;Alguaire.<\/p>\n<p>L&#8217;experi\u00e8ncia ha estat fant\u00e0stica perqu\u00e8 ho desitj\u00e0vem molt. Hem pogut veure les dimensions dels gegants, ens han ensenyat per on es fan ballar, per on hi veuen els geganters i la Roser ens ha posat el segell &#8220;Reial&#8221; de l&#8217;Ajuntament. Els nostres gegants es diuen Isabel i Fernando i tamb\u00e9 van ser reis.<\/p>\n<p>Estem molt agraits a l&#8217;Ajuntament i sobretot a la Roser que \u00e9s molt canallera i col\u00b7laboradora amb el que necessitem. Fins la propera.<\/p>\n<p>Aqu\u00ed teniu un petit v\u00eddeo de l&#8217;experi\u00e8ncia. <em>Cliqueu a la foto<\/em>.<\/p>\n<p><a href=\"https:\/\/drive.google.com\/file\/d\/1uUPPs67b9C_uhbcqfYGB4AiF2kOvwqZP\/view?usp=sharing\"><img loading=\"lazy\" decoding=\"async\" class=\"wp-image-9031 aligncenter\" src=\"https:\/\/agora.xtec.cat\/esc-teresabergada\/wp-content\/uploads\/usu1533\/2021\/03\/cid_inlineImage4-683x1024.jpg\" alt=\"\" width=\"255\" height=\"382\" srcset=\"https:\/\/agora.xtec.cat\/esc-teresabergada\/wp-content\/uploads\/usu1533\/2021\/03\/cid_inlineImage4-683x1024.jpg 683w, https:\/\/agora.xtec.cat\/esc-teresabergada\/wp-content\/uploads\/usu1533\/2021\/03\/cid_inlineImage4-200x300.jpg 200w, https:\/\/agora.xtec.cat\/esc-teresabergada\/wp-content\/uploads\/usu1533\/2021\/03\/cid_inlineImage4-768x1152.jpg 768w\" sizes=\"auto, (max-width: 255px) 100vw, 255px\" \/><\/a><\/p>\n","protected":false},"excerpt":{"rendered":"<p>Som de la classe dels Gegants i les Gegantes. Des qu\u00e8 vam decidir ser gegants i gegantes i que vam esbrinar que -amb ajut dels nens i les nenes de sis\u00e8-\u00a0 a Alguaire hi havia dos gegants, hem treballat per poder visitar-los. Aquest divendres 19&hellip;  <a href=\"https:\/\/agora.xtec.cat\/esc-teresabergada\/infantil\/i4\/sortida-gegants-dalguaire\/\" title=\"Read Sortida Gegants d&#8217;Alguaire\">Llegeix m\u00e9s\u00bb<\/a><\/p>\n","protected":false},"author":12,"featured_media":9031,"comment_status":"open","ping_status":"closed","sticky":false,"template":"","format":"standard","meta":{"_bbp_topic_count":0,"_bbp_reply_count":0,"_bbp_total_topic_count":0,"_bbp_total_reply_count":0,"_bbp_voice_count":0,"_bbp_anonymous_reply_count":0,"_bbp_topic_count_hidden":0,"_bbp_reply_count_hidden":0,"_bbp_forum_subforum_count":0,"footnotes":""},"categories":[236],"tags":[121,16],"class_list":["post-9030","post","type-post","status-publish","format-standard","has-post-thumbnail","hentry","category-i4","tag-educacio-infantil","tag-sortides"],"post_mailing_queue_ids":[],"_links":{"self":[{"href":"https:\/\/agora.xtec.cat\/esc-teresabergada\/wp-json\/wp\/v2\/posts\/9030","targetHints":{"allow":["GET"]}}],"collection":[{"href":"https:\/\/agora.xtec.cat\/esc-teresabergada\/wp-json\/wp\/v2\/posts"}],"about":[{"href":"https:\/\/agora.xtec.cat\/esc-teresabergada\/wp-json\/wp\/v2\/types\/post"}],"author":[{"embeddable":true,"href":"https:\/\/agora.xtec.cat\/esc-teresabergada\/wp-json\/wp\/v2\/users\/12"}],"replies":[{"embeddable":true,"href":"https:\/\/agora.xtec.cat\/esc-teresabergada\/wp-json\/wp\/v2\/comments?post=9030"}],"version-history":[{"count":2,"href":"https:\/\/agora.xtec.cat\/esc-teresabergada\/wp-json\/wp\/v2\/posts\/9030\/revisions"}],"predecessor-version":[{"id":9033,"href":"https:\/\/agora.xtec.cat\/esc-teresabergada\/wp-json\/wp\/v2\/posts\/9030\/revisions\/9033"}],"wp:featuredmedia":[{"embeddable":true,"href":"https:\/\/agora.xtec.cat\/esc-teresabergada\/wp-json\/wp\/v2\/media\/9031"}],"wp:attachment":[{"href":"https:\/\/agora.xtec.cat\/esc-teresabergada\/wp-json\/wp\/v2\/media?parent=9030"}],"wp:term":[{"taxonomy":"category","embeddable":true,"href":"https:\/\/agora.xtec.cat\/esc-teresabergada\/wp-json\/wp\/v2\/categories?post=9030"},{"taxonomy":"post_tag","embeddable":true,"href":"https:\/\/agora.xtec.cat\/esc-teresabergada\/wp-json\/wp\/v2\/tags?post=9030"}],"curies":[{"name":"wp","href":"https:\/\/api.w.org\/{rel}","templated":true}]}}