{"id":8996,"date":"2021-03-17T19:00:18","date_gmt":"2021-03-17T18:00:18","guid":{"rendered":"http:\/\/agora.xtec.cat\/esc-teresabergada\/?p=8996"},"modified":"2021-10-06T22:53:36","modified_gmt":"2021-10-06T20:53:36","slug":"la-nostra-plana","status":"publish","type":"post","link":"https:\/\/agora.xtec.cat\/esc-teresabergada\/blocs-de-primaria\/4t\/la-nostra-plana\/","title":{"rendered":"LA NOSTRA PLANA"},"content":{"rendered":"<h4>Aprofitant que estem treballant el projecte de Catalunya, el dilluns 15 de mar\u00e7, l&#8217;alumnat de tercer, vam realitzar una sortida pels voltants del poble.<\/h4>\n<h4>Vam fer una caminada per observar l&#8217;entorn m\u00e9s proper i prendre nota del paisatge que ens envolta: <span style=\"color: #ff0000\"><span style=\"color: #008000\">el paisatge de plana, el nostre!<\/span>\ud83d\udc9a<\/span><\/h4>\n<h4>Vam fer un petit recorregut i vam poder veure aquells elements tan caracter\u00edstics del nostre terreny:<\/h4>\n<ul>\n<li>\n<h4>Camps de conreu<\/h4>\n<\/li>\n<li>\n<h4>Arbres fruiters (presseguers, figueres)<\/h4>\n<\/li>\n<li>\n<h4>Oliveres<\/h4>\n<\/li>\n<li>\n<h4>Altiplans, turons, serres<\/h4>\n<\/li>\n<li>\n<h4>Segla<\/h4>\n<\/li>\n<\/ul>\n<p><a href=\"https:\/\/agora.xtec.cat\/esc-teresabergada\/wp-content\/uploads\/usu1533\/2021\/03\/Captura-de-pantalla-2021-03-17-a-las-18.53.31.png\"><img loading=\"lazy\" decoding=\"async\" class=\"alignnone wp-image-9004\" src=\"https:\/\/agora.xtec.cat\/esc-teresabergada\/wp-content\/uploads\/usu1533\/2021\/03\/Captura-de-pantalla-2021-03-17-a-las-18.53.31.png\" alt=\"\" width=\"393\" height=\"289\" srcset=\"https:\/\/agora.xtec.cat\/esc-teresabergada\/wp-content\/uploads\/usu1533\/2021\/03\/Captura-de-pantalla-2021-03-17-a-las-18.53.31.png 929w, https:\/\/agora.xtec.cat\/esc-teresabergada\/wp-content\/uploads\/usu1533\/2021\/03\/Captura-de-pantalla-2021-03-17-a-las-18.53.31-300x221.png 300w, https:\/\/agora.xtec.cat\/esc-teresabergada\/wp-content\/uploads\/usu1533\/2021\/03\/Captura-de-pantalla-2021-03-17-a-las-18.53.31-768x565.png 768w\" sizes=\"auto, (max-width: 393px) 100vw, 393px\" \/><\/a> <a href=\"https:\/\/agora.xtec.cat\/esc-teresabergada\/wp-content\/uploads\/usu1533\/2021\/03\/Captura-de-pantalla-2021-03-17-a-las-18.53.19.png\"><img loading=\"lazy\" decoding=\"async\" class=\"alignnone wp-image-9003\" src=\"https:\/\/agora.xtec.cat\/esc-teresabergada\/wp-content\/uploads\/usu1533\/2021\/03\/Captura-de-pantalla-2021-03-17-a-las-18.53.19.png\" alt=\"\" width=\"219\" height=\"290\" srcset=\"https:\/\/agora.xtec.cat\/esc-teresabergada\/wp-content\/uploads\/usu1533\/2021\/03\/Captura-de-pantalla-2021-03-17-a-las-18.53.19.png 513w, https:\/\/agora.xtec.cat\/esc-teresabergada\/wp-content\/uploads\/usu1533\/2021\/03\/Captura-de-pantalla-2021-03-17-a-las-18.53.19-226x300.png 226w\" sizes=\"auto, (max-width: 219px) 100vw, 219px\" \/><\/a> <a href=\"https:\/\/agora.xtec.cat\/esc-teresabergada\/wp-content\/uploads\/usu1533\/2021\/03\/Captura-de-pantalla-2021-03-17-a-las-18.53.04.png\"><img loading=\"lazy\" decoding=\"async\" class=\"alignnone wp-image-9002\" src=\"https:\/\/agora.xtec.cat\/esc-teresabergada\/wp-content\/uploads\/usu1533\/2021\/03\/Captura-de-pantalla-2021-03-17-a-las-18.53.04.png\" alt=\"\" width=\"436\" height=\"324\" srcset=\"https:\/\/agora.xtec.cat\/esc-teresabergada\/wp-content\/uploads\/usu1533\/2021\/03\/Captura-de-pantalla-2021-03-17-a-las-18.53.04.png 918w, https:\/\/agora.xtec.cat\/esc-teresabergada\/wp-content\/uploads\/usu1533\/2021\/03\/Captura-de-pantalla-2021-03-17-a-las-18.53.04-300x223.png 300w, https:\/\/agora.xtec.cat\/esc-teresabergada\/wp-content\/uploads\/usu1533\/2021\/03\/Captura-de-pantalla-2021-03-17-a-las-18.53.04-768x570.png 768w, https:\/\/agora.xtec.cat\/esc-teresabergada\/wp-content\/uploads\/usu1533\/2021\/03\/Captura-de-pantalla-2021-03-17-a-las-18.53.04-200x150.png 200w\" sizes=\"auto, (max-width: 436px) 100vw, 436px\" \/><\/a> <a href=\"https:\/\/agora.xtec.cat\/esc-teresabergada\/wp-content\/uploads\/usu1533\/2021\/03\/Captura-de-pantalla-2021-03-17-a-las-18.52.53.png\"><img loading=\"lazy\" decoding=\"async\" class=\"alignnone wp-image-9001\" src=\"https:\/\/agora.xtec.cat\/esc-teresabergada\/wp-content\/uploads\/usu1533\/2021\/03\/Captura-de-pantalla-2021-03-17-a-las-18.52.53.png\" alt=\"\" width=\"338\" height=\"321\" srcset=\"https:\/\/agora.xtec.cat\/esc-teresabergada\/wp-content\/uploads\/usu1533\/2021\/03\/Captura-de-pantalla-2021-03-17-a-las-18.52.53.png 692w, https:\/\/agora.xtec.cat\/esc-teresabergada\/wp-content\/uploads\/usu1533\/2021\/03\/Captura-de-pantalla-2021-03-17-a-las-18.52.53-300x285.png 300w\" sizes=\"auto, (max-width: 338px) 100vw, 338px\" \/><\/a><\/p>\n<h4>La M.Jes\u00fas ens va explicar coses molt interessants relacionades amb els camps de conreus i els arbres fruiters.<\/h4>\n<p><a href=\"https:\/\/agora.xtec.cat\/esc-teresabergada\/wp-content\/uploads\/usu1533\/2021\/03\/IMG-20210317-WA0025-1.jpg\"><img loading=\"lazy\" decoding=\"async\" class=\"alignnone  wp-image-9007\" src=\"https:\/\/agora.xtec.cat\/esc-teresabergada\/wp-content\/uploads\/usu1533\/2021\/03\/IMG-20210317-WA0025-1-1024x768.jpg\" alt=\"\" width=\"763\" height=\"572\" srcset=\"https:\/\/agora.xtec.cat\/esc-teresabergada\/wp-content\/uploads\/usu1533\/2021\/03\/IMG-20210317-WA0025-1-1024x768.jpg 1024w, https:\/\/agora.xtec.cat\/esc-teresabergada\/wp-content\/uploads\/usu1533\/2021\/03\/IMG-20210317-WA0025-1-300x225.jpg 300w, https:\/\/agora.xtec.cat\/esc-teresabergada\/wp-content\/uploads\/usu1533\/2021\/03\/IMG-20210317-WA0025-1-768x576.jpg 768w, https:\/\/agora.xtec.cat\/esc-teresabergada\/wp-content\/uploads\/usu1533\/2021\/03\/IMG-20210317-WA0025-1-200x150.jpg 200w, https:\/\/agora.xtec.cat\/esc-teresabergada\/wp-content\/uploads\/usu1533\/2021\/03\/IMG-20210317-WA0025-1.jpg 1600w\" sizes=\"auto, (max-width: 763px) 100vw, 763px\" \/><\/a> <a href=\"https:\/\/agora.xtec.cat\/esc-teresabergada\/wp-content\/uploads\/usu1533\/2021\/03\/Captura-de-pantalla-2021-03-17-a-las-18.53.42.png\"><img loading=\"lazy\" decoding=\"async\" class=\"alignnone  wp-image-9005\" src=\"https:\/\/agora.xtec.cat\/esc-teresabergada\/wp-content\/uploads\/usu1533\/2021\/03\/Captura-de-pantalla-2021-03-17-a-las-18.53.42.png\" alt=\"\" width=\"763\" height=\"573\" srcset=\"https:\/\/agora.xtec.cat\/esc-teresabergada\/wp-content\/uploads\/usu1533\/2021\/03\/Captura-de-pantalla-2021-03-17-a-las-18.53.42.png 923w, https:\/\/agora.xtec.cat\/esc-teresabergada\/wp-content\/uploads\/usu1533\/2021\/03\/Captura-de-pantalla-2021-03-17-a-las-18.53.42-300x225.png 300w, https:\/\/agora.xtec.cat\/esc-teresabergada\/wp-content\/uploads\/usu1533\/2021\/03\/Captura-de-pantalla-2021-03-17-a-las-18.53.42-768x577.png 768w, https:\/\/agora.xtec.cat\/esc-teresabergada\/wp-content\/uploads\/usu1533\/2021\/03\/Captura-de-pantalla-2021-03-17-a-las-18.53.42-200x150.png 200w\" sizes=\"auto, (max-width: 763px) 100vw, 763px\" \/><\/a><\/p>\n<h4>Despr\u00e9s de les explicacions vam seure a la vora del cam\u00ed i cadasc\u00fa va poder dibuixar el paisatge que tenia al davant, al seu quadern de viatge.<\/h4>\n<p><a href=\"https:\/\/agora.xtec.cat\/esc-teresabergada\/wp-content\/uploads\/usu1533\/2021\/03\/IMG-20210317-WA0024.jpg\"><img loading=\"lazy\" decoding=\"async\" class=\"alignnone wp-image-9006\" src=\"https:\/\/agora.xtec.cat\/esc-teresabergada\/wp-content\/uploads\/usu1533\/2021\/03\/IMG-20210317-WA0024-768x1024.jpg\" alt=\"\" width=\"225\" height=\"300\" srcset=\"https:\/\/agora.xtec.cat\/esc-teresabergada\/wp-content\/uploads\/usu1533\/2021\/03\/IMG-20210317-WA0024-768x1024.jpg 768w, https:\/\/agora.xtec.cat\/esc-teresabergada\/wp-content\/uploads\/usu1533\/2021\/03\/IMG-20210317-WA0024-225x300.jpg 225w, https:\/\/agora.xtec.cat\/esc-teresabergada\/wp-content\/uploads\/usu1533\/2021\/03\/IMG-20210317-WA0024.jpg 1200w\" sizes=\"auto, (max-width: 225px) 100vw, 225px\" \/><\/a> <a href=\"https:\/\/agora.xtec.cat\/esc-teresabergada\/wp-content\/uploads\/usu1533\/2021\/03\/Captura-de-pantalla-2021-03-17-a-las-18.52.37.png\"><img loading=\"lazy\" decoding=\"async\" class=\"alignnone wp-image-9000\" src=\"https:\/\/agora.xtec.cat\/esc-teresabergada\/wp-content\/uploads\/usu1533\/2021\/03\/Captura-de-pantalla-2021-03-17-a-las-18.52.37.png\" alt=\"\" width=\"408\" height=\"300\" srcset=\"https:\/\/agora.xtec.cat\/esc-teresabergada\/wp-content\/uploads\/usu1533\/2021\/03\/Captura-de-pantalla-2021-03-17-a-las-18.52.37.png 925w, https:\/\/agora.xtec.cat\/esc-teresabergada\/wp-content\/uploads\/usu1533\/2021\/03\/Captura-de-pantalla-2021-03-17-a-las-18.52.37-300x221.png 300w, https:\/\/agora.xtec.cat\/esc-teresabergada\/wp-content\/uploads\/usu1533\/2021\/03\/Captura-de-pantalla-2021-03-17-a-las-18.52.37-768x565.png 768w\" sizes=\"auto, (max-width: 408px) 100vw, 408px\" \/><\/a><\/p>\n<h4>Va ser una sortida molt bonica! \ud83c\udf3a\ud83c\udf38\ud83c\udf33\ud83c\udf3f\ud83c\udf32<\/h4>\n<p><a href=\"https:\/\/agora.xtec.cat\/esc-teresabergada\/wp-content\/uploads\/usu1533\/2021\/03\/Captura-de-pantalla-2021-03-17-a-las-18.52.22.png\"><img loading=\"lazy\" decoding=\"async\" class=\"alignnone size-full wp-image-8999\" src=\"https:\/\/agora.xtec.cat\/esc-teresabergada\/wp-content\/uploads\/usu1533\/2021\/03\/Captura-de-pantalla-2021-03-17-a-las-18.52.22.png\" alt=\"\" width=\"934\" height=\"598\" srcset=\"https:\/\/agora.xtec.cat\/esc-teresabergada\/wp-content\/uploads\/usu1533\/2021\/03\/Captura-de-pantalla-2021-03-17-a-las-18.52.22.png 934w, https:\/\/agora.xtec.cat\/esc-teresabergada\/wp-content\/uploads\/usu1533\/2021\/03\/Captura-de-pantalla-2021-03-17-a-las-18.52.22-300x192.png 300w, https:\/\/agora.xtec.cat\/esc-teresabergada\/wp-content\/uploads\/usu1533\/2021\/03\/Captura-de-pantalla-2021-03-17-a-las-18.52.22-768x492.png 768w\" sizes=\"auto, (max-width: 934px) 100vw, 934px\" \/><\/a><\/p>\n","protected":false},"excerpt":{"rendered":"<p>SORTIM A OBSERVAR ELS ELEMENTS DEL PAISATGE DE PLANA&hellip;  <a href=\"https:\/\/agora.xtec.cat\/esc-teresabergada\/blocs-de-primaria\/4t\/la-nostra-plana\/\" title=\"Read LA NOSTRA PLANA\">Llegeix m\u00e9s\u00bb<\/a><\/p>\n","protected":false},"author":28,"featured_media":9008,"comment_status":"open","ping_status":"closed","sticky":false,"template":"","format":"standard","meta":{"_bbp_topic_count":0,"_bbp_reply_count":0,"_bbp_total_topic_count":0,"_bbp_total_reply_count":0,"_bbp_voice_count":0,"_bbp_anonymous_reply_count":0,"_bbp_topic_count_hidden":0,"_bbp_reply_count_hidden":0,"_bbp_forum_subforum_count":0,"footnotes":""},"categories":[250],"tags":[],"class_list":["post-8996","post","type-post","status-publish","format-standard","has-post-thumbnail","hentry","category-4t"],"post_mailing_queue_ids":[],"_links":{"self":[{"href":"https:\/\/agora.xtec.cat\/esc-teresabergada\/wp-json\/wp\/v2\/posts\/8996","targetHints":{"allow":["GET"]}}],"collection":[{"href":"https:\/\/agora.xtec.cat\/esc-teresabergada\/wp-json\/wp\/v2\/posts"}],"about":[{"href":"https:\/\/agora.xtec.cat\/esc-teresabergada\/wp-json\/wp\/v2\/types\/post"}],"author":[{"embeddable":true,"href":"https:\/\/agora.xtec.cat\/esc-teresabergada\/wp-json\/wp\/v2\/users\/28"}],"replies":[{"embeddable":true,"href":"https:\/\/agora.xtec.cat\/esc-teresabergada\/wp-json\/wp\/v2\/comments?post=8996"}],"version-history":[{"count":3,"href":"https:\/\/agora.xtec.cat\/esc-teresabergada\/wp-json\/wp\/v2\/posts\/8996\/revisions"}],"predecessor-version":[{"id":9010,"href":"https:\/\/agora.xtec.cat\/esc-teresabergada\/wp-json\/wp\/v2\/posts\/8996\/revisions\/9010"}],"wp:featuredmedia":[{"embeddable":true,"href":"https:\/\/agora.xtec.cat\/esc-teresabergada\/wp-json\/wp\/v2\/media\/9008"}],"wp:attachment":[{"href":"https:\/\/agora.xtec.cat\/esc-teresabergada\/wp-json\/wp\/v2\/media?parent=8996"}],"wp:term":[{"taxonomy":"category","embeddable":true,"href":"https:\/\/agora.xtec.cat\/esc-teresabergada\/wp-json\/wp\/v2\/categories?post=8996"},{"taxonomy":"post_tag","embeddable":true,"href":"https:\/\/agora.xtec.cat\/esc-teresabergada\/wp-json\/wp\/v2\/tags?post=8996"}],"curies":[{"name":"wp","href":"https:\/\/api.w.org\/{rel}","templated":true}]}}