{"id":8990,"date":"2021-03-17T12:30:41","date_gmt":"2021-03-17T11:30:41","guid":{"rendered":"http:\/\/agora.xtec.cat\/esc-teresabergada\/?p=8990"},"modified":"2021-10-06T23:02:35","modified_gmt":"2021-10-06T21:02:35","slug":"el-nou-futur","status":"publish","type":"post","link":"https:\/\/agora.xtec.cat\/esc-teresabergada\/general\/el-nou-futur\/","title":{"rendered":"EL NOU FUTUR"},"content":{"rendered":"<p>Som el Cesc i la Fatu de 4t B.<\/p>\n<p>El dia 15 de mar\u00e7 de 2020\u00a0 ens van confinar a casa , per la la pand\u00e8mia\u00a0 del COVID-19. No vam poder tornar a l&#8217;escola fins passat l&#8217;estiu.<\/p>\n<p>Dilluns dia 15 de mar\u00e7, va ser un dia molt especial per l&#8217;escola, perqu\u00e8 fa un any que ens havien confinat i per a commemorar aix\u00f2 tant important, vam cantar una can\u00e7\u00f3 que hav\u00edem practicat amb la M\u00edriam, la professora de m\u00fasica.<\/p>\n<p>Ens vam reunir de P3 a 6\u00e8 per a cantar-la al pati.<\/p>\n<p>Va ser un moment molt especial!<\/p>\n<p><img loading=\"lazy\" decoding=\"async\" class=\"aligncenter wp-image-8976 size-large\" src=\"https:\/\/agora.xtec.cat\/esc-teresabergada\/wp-content\/uploads\/usu1533\/2021\/03\/un-any-de-pand\u00e8mia-1024x498.jpeg\" alt=\"\" width=\"1024\" height=\"498\" \/><\/p>\n<p>&nbsp;<\/p>\n","protected":false},"excerpt":{"rendered":"<p>Som el Cesc i la Fatu de 4t B.<br \/>\nEl dia 15 de mar\u00e7 de 2020\u00a0 ens van confinar a casa , per la la pand\u00e8mia\u00a0 del COVID-19. No vam poder tornar a l&#8217;escola fins passat l&#8217;estiu.<br \/>\nDilluns dia 15 de mar\u00e7, va ser un dia molt&hellip;  <a href=\"https:\/\/agora.xtec.cat\/esc-teresabergada\/general\/el-nou-futur\/\" title=\"Read EL NOU FUTUR\">Llegeix m\u00e9s\u00bb<\/a><\/p>\n","protected":false},"author":37,"featured_media":0,"comment_status":"open","ping_status":"closed","sticky":false,"template":"","format":"standard","meta":{"_bbp_topic_count":0,"_bbp_reply_count":0,"_bbp_total_topic_count":0,"_bbp_total_reply_count":0,"_bbp_voice_count":0,"_bbp_anonymous_reply_count":0,"_bbp_topic_count_hidden":0,"_bbp_reply_count_hidden":0,"_bbp_forum_subforum_count":0,"footnotes":""},"categories":[349,1],"tags":[],"class_list":["post-8990","post","type-post","status-publish","format-standard","hentry","category-5e","category-general"],"post_mailing_queue_ids":[],"_links":{"self":[{"href":"https:\/\/agora.xtec.cat\/esc-teresabergada\/wp-json\/wp\/v2\/posts\/8990","targetHints":{"allow":["GET"]}}],"collection":[{"href":"https:\/\/agora.xtec.cat\/esc-teresabergada\/wp-json\/wp\/v2\/posts"}],"about":[{"href":"https:\/\/agora.xtec.cat\/esc-teresabergada\/wp-json\/wp\/v2\/types\/post"}],"author":[{"embeddable":true,"href":"https:\/\/agora.xtec.cat\/esc-teresabergada\/wp-json\/wp\/v2\/users\/37"}],"replies":[{"embeddable":true,"href":"https:\/\/agora.xtec.cat\/esc-teresabergada\/wp-json\/wp\/v2\/comments?post=8990"}],"version-history":[{"count":3,"href":"https:\/\/agora.xtec.cat\/esc-teresabergada\/wp-json\/wp\/v2\/posts\/8990\/revisions"}],"predecessor-version":[{"id":9011,"href":"https:\/\/agora.xtec.cat\/esc-teresabergada\/wp-json\/wp\/v2\/posts\/8990\/revisions\/9011"}],"wp:attachment":[{"href":"https:\/\/agora.xtec.cat\/esc-teresabergada\/wp-json\/wp\/v2\/media?parent=8990"}],"wp:term":[{"taxonomy":"category","embeddable":true,"href":"https:\/\/agora.xtec.cat\/esc-teresabergada\/wp-json\/wp\/v2\/categories?post=8990"},{"taxonomy":"post_tag","embeddable":true,"href":"https:\/\/agora.xtec.cat\/esc-teresabergada\/wp-json\/wp\/v2\/tags?post=8990"}],"curies":[{"name":"wp","href":"https:\/\/api.w.org\/{rel}","templated":true}]}}