{"id":8984,"date":"2021-03-17T12:12:34","date_gmt":"2021-03-17T11:12:34","guid":{"rendered":"http:\/\/agora.xtec.cat\/esc-teresabergada\/?p=8984"},"modified":"2021-03-17T12:12:34","modified_gmt":"2021-03-17T11:12:34","slug":"la-linia-de-la-vida-del-mouhamadou","status":"publish","type":"post","link":"https:\/\/agora.xtec.cat\/esc-teresabergada\/infantil\/la-linia-de-la-vida-del-mouhamadou\/","title":{"rendered":"LA L\u00cdNIA DE LA VIDA DEL MOUHAMADOU"},"content":{"rendered":"<p><a href=\"https:\/\/drive.google.com\/drive\/folders\/186OssntdJTFT0_TT1DnF9JxRzbQ6npoo?usp=sharing\"><img loading=\"lazy\" decoding=\"async\" class=\"alignnone size-large wp-image-8989\" src=\"https:\/\/agora.xtec.cat\/esc-teresabergada\/wp-content\/uploads\/usu1533\/2021\/03\/Mouhamadou-1024x1024.png\" alt=\"\" width=\"1024\" height=\"1024\" \/><\/a><\/p>\n<p>Acabem les exposicions de la l\u00ednia de la vida amb els moments importants que ha viscut el Mouhamadou.<\/p>\n<p>El Mouhamadou va n\u00e9ixer al setembre del 2016 a Mali, on hi va viure els seus dos primers anys. Al 2017 va comen\u00e7ar a caminar i li agradava molt ballar. Al 2018 li van regalar una bicicleta amb un hipop\u00f2tam que li agradava molt, per\u00f2 ara ja li va petita perqu\u00e8 s&#8217;ha fet molt gran. Al 2019 el Mouhamadou va venir a viure a Alguaire, un canvi molt important en la seva vida. Aqu\u00ed va comen\u00e7ar a l&#8217;escola on va con\u00e8ixer tots els nens i nenes de la classe i ens ha ensenyat el vestit t\u00edpic del seu pa\u00eds. Del 2020 el Mouhamadou destaca el dia del seu aniversari, amb el regal que li vam fer des de l&#8217;escola, ens ha explicat que el te a la seva habitaci\u00f3 i que li encanta mirar la foto amb la corona.<\/p>\n<p>Moltes gr\u00e0cies Mouhamadou per compartir tot aix\u00f2 amb nosaltres!<\/p>\n<p><em>Cliqueu a la imatge principal per veure m\u00e9s fotografies.\u00a0<\/em><\/p>\n<p>&nbsp;<\/p>\n","protected":false},"excerpt":{"rendered":"<p><a href=\"https:\/\/drive.google.com\/drive\/folders\/186OssntdJTFT0_TT1DnF9JxRzbQ6npoo?usp=sharing\"><\/a><br \/>\nAcabem les exposicions de la l\u00ednia de la vida amb els moments importants que ha viscut el Mouhamadou.<br \/>\nEl Mouhamadou va n\u00e9ixer al setembre del 2016 a Mali, on hi va viure els seus dos primers anys. Al 2017 va comen\u00e7ar a caminar i li&hellip;  <a href=\"https:\/\/agora.xtec.cat\/esc-teresabergada\/infantil\/la-linia-de-la-vida-del-mouhamadou\/\" title=\"Read LA L\u00cdNIA DE LA VIDA DEL MOUHAMADOU\">Llegeix m\u00e9s\u00bb<\/a><\/p>\n","protected":false},"author":1,"featured_media":0,"comment_status":"open","ping_status":"closed","sticky":false,"template":"","format":"standard","meta":{"_bbp_topic_count":0,"_bbp_reply_count":0,"_bbp_total_topic_count":0,"_bbp_total_reply_count":0,"_bbp_voice_count":0,"_bbp_anonymous_reply_count":0,"_bbp_topic_count_hidden":0,"_bbp_reply_count_hidden":0,"_bbp_forum_subforum_count":0,"footnotes":""},"categories":[236,2],"tags":[],"class_list":["post-8984","post","type-post","status-publish","format-standard","hentry","category-i4","category-infantil"],"post_mailing_queue_ids":[],"_links":{"self":[{"href":"https:\/\/agora.xtec.cat\/esc-teresabergada\/wp-json\/wp\/v2\/posts\/8984","targetHints":{"allow":["GET"]}}],"collection":[{"href":"https:\/\/agora.xtec.cat\/esc-teresabergada\/wp-json\/wp\/v2\/posts"}],"about":[{"href":"https:\/\/agora.xtec.cat\/esc-teresabergada\/wp-json\/wp\/v2\/types\/post"}],"author":[{"embeddable":true,"href":"https:\/\/agora.xtec.cat\/esc-teresabergada\/wp-json\/wp\/v2\/users\/1"}],"replies":[{"embeddable":true,"href":"https:\/\/agora.xtec.cat\/esc-teresabergada\/wp-json\/wp\/v2\/comments?post=8984"}],"version-history":[{"count":1,"href":"https:\/\/agora.xtec.cat\/esc-teresabergada\/wp-json\/wp\/v2\/posts\/8984\/revisions"}],"predecessor-version":[{"id":8991,"href":"https:\/\/agora.xtec.cat\/esc-teresabergada\/wp-json\/wp\/v2\/posts\/8984\/revisions\/8991"}],"wp:attachment":[{"href":"https:\/\/agora.xtec.cat\/esc-teresabergada\/wp-json\/wp\/v2\/media?parent=8984"}],"wp:term":[{"taxonomy":"category","embeddable":true,"href":"https:\/\/agora.xtec.cat\/esc-teresabergada\/wp-json\/wp\/v2\/categories?post=8984"},{"taxonomy":"post_tag","embeddable":true,"href":"https:\/\/agora.xtec.cat\/esc-teresabergada\/wp-json\/wp\/v2\/tags?post=8984"}],"curies":[{"name":"wp","href":"https:\/\/api.w.org\/{rel}","templated":true}]}}