{"id":8975,"date":"2021-03-16T08:00:46","date_gmt":"2021-03-16T07:00:46","guid":{"rendered":"http:\/\/agora.xtec.cat\/esc-teresabergada\/?p=8975"},"modified":"2021-03-16T08:31:52","modified_gmt":"2021-03-16T07:31:52","slug":"tot-un-any","status":"publish","type":"post","link":"https:\/\/agora.xtec.cat\/esc-teresabergada\/general\/tot-un-any\/","title":{"rendered":"Tot un any&#8230;"},"content":{"rendered":"<p>Degut a una pand\u00e8mia mundial desconeguda, un 13 de mar\u00e7 de 2020 vam haver de quedar-nos a casa per quinze dies, que van acabar sent mesos. Ahir, despr\u00e9s d&#8217;un any, vam voler commemorar aquest aniversari i cantar ben alt al coronavirus que <strong><em>El nou futur<\/em><\/strong> no s&#8217;atura, i que, tal i com diu aquest tema del Petit Taller de can\u00e7ons, i que hem estat treballant a les sessions de m\u00fasica, <em>reprendrem la vida i la ra\u00f3,<\/em>\u00a0<em>i, aprenent de la foscor, entendrem una lli\u00e7\u00f3: el que importa i el que no&#8230;<\/em><\/p>\n<p>Esperem poder-nos abra\u00e7ar ben aviat. Cliqueu sobre la imatge. <a href=\"https:\/\/photos.app.goo.gl\/U2DGTJ5YQPtEtBg96\"><img loading=\"lazy\" decoding=\"async\" class=\"aligncenter wp-image-8976 size-large\" src=\"https:\/\/agora.xtec.cat\/esc-teresabergada\/wp-content\/uploads\/usu1533\/2021\/03\/un-any-de-pand\u00e8mia-1024x498.jpeg\" alt=\"\" width=\"1024\" height=\"498\" \/><\/a><\/p>\n","protected":false},"excerpt":{"rendered":"<p>Degut a una pand\u00e8mia mundial desconeguda, un 13 de mar\u00e7 de 2020 vam haver de quedar-nos a casa per quinze dies, que van acabar sent mesos. Ahir, despr\u00e9s d&#8217;un any, vam voler commemorar aquest aniversari i cantar ben alt al coronavirus que El nou futur&hellip;  <a href=\"https:\/\/agora.xtec.cat\/esc-teresabergada\/general\/tot-un-any\/\" title=\"Read Tot un any&#8230;\">Llegeix m\u00e9s\u00bb<\/a><\/p>\n","protected":false},"author":1,"featured_media":0,"comment_status":"open","ping_status":"closed","sticky":false,"template":"","format":"standard","meta":{"_bbp_topic_count":0,"_bbp_reply_count":0,"_bbp_total_topic_count":0,"_bbp_total_reply_count":0,"_bbp_voice_count":0,"_bbp_anonymous_reply_count":0,"_bbp_topic_count_hidden":0,"_bbp_reply_count_hidden":0,"_bbp_forum_subforum_count":0,"footnotes":""},"categories":[1,4],"tags":[],"class_list":["post-8975","post","type-post","status-publish","format-standard","hentry","category-general","category-portada"],"post_mailing_queue_ids":[],"_links":{"self":[{"href":"https:\/\/agora.xtec.cat\/esc-teresabergada\/wp-json\/wp\/v2\/posts\/8975","targetHints":{"allow":["GET"]}}],"collection":[{"href":"https:\/\/agora.xtec.cat\/esc-teresabergada\/wp-json\/wp\/v2\/posts"}],"about":[{"href":"https:\/\/agora.xtec.cat\/esc-teresabergada\/wp-json\/wp\/v2\/types\/post"}],"author":[{"embeddable":true,"href":"https:\/\/agora.xtec.cat\/esc-teresabergada\/wp-json\/wp\/v2\/users\/1"}],"replies":[{"embeddable":true,"href":"https:\/\/agora.xtec.cat\/esc-teresabergada\/wp-json\/wp\/v2\/comments?post=8975"}],"version-history":[{"count":3,"href":"https:\/\/agora.xtec.cat\/esc-teresabergada\/wp-json\/wp\/v2\/posts\/8975\/revisions"}],"predecessor-version":[{"id":8980,"href":"https:\/\/agora.xtec.cat\/esc-teresabergada\/wp-json\/wp\/v2\/posts\/8975\/revisions\/8980"}],"wp:attachment":[{"href":"https:\/\/agora.xtec.cat\/esc-teresabergada\/wp-json\/wp\/v2\/media?parent=8975"}],"wp:term":[{"taxonomy":"category","embeddable":true,"href":"https:\/\/agora.xtec.cat\/esc-teresabergada\/wp-json\/wp\/v2\/categories?post=8975"},{"taxonomy":"post_tag","embeddable":true,"href":"https:\/\/agora.xtec.cat\/esc-teresabergada\/wp-json\/wp\/v2\/tags?post=8975"}],"curies":[{"name":"wp","href":"https:\/\/api.w.org\/{rel}","templated":true}]}}