{"id":8970,"date":"2021-03-12T16:07:49","date_gmt":"2021-03-12T15:07:49","guid":{"rendered":"http:\/\/agora.xtec.cat\/esc-teresabergada\/?p=8970"},"modified":"2021-03-12T16:07:49","modified_gmt":"2021-03-12T15:07:49","slug":"la-linia-de-la-vida-del-ianis","status":"publish","type":"post","link":"https:\/\/agora.xtec.cat\/esc-teresabergada\/infantil\/la-linia-de-la-vida-del-ianis\/","title":{"rendered":"LA L\u00cdNIA DE LA VIDA DEL IANIS"},"content":{"rendered":"<p><span style=\"font-family: inherit;font-size: 1em\">Ja ens queda molt poquet per acabar amb les presentacions de la l\u00ednia de la vida. Teniem moltes ganes de con\u00e8ixer m\u00e9s coses sobre el Ianis i hem estat molt atents a tot el que ens ha explicat.<\/span><\/p>\n<p>El Ianis va n\u00e9ixer al desembre del 2016, aix\u00ed que va estar quasi tot l&#8217;any a la panxa de la mare. Va n\u00e9ixer a Romania, on va viure fins als 3 anys. Al 2017 va celebrar el seu primer aniversari amb un past\u00eds molt especial que li va preparar la seva mare, blau i amb un osset a sobre, quina bona pinta. Cada vegada el Ianis es fa m\u00e9s gran, i al 2018 l&#8217;hem vist assegut a una cadira gegant que tenia a la seva casa. Al 2019 ja va muntar ell l&#8217;arbre de Nadal i li va quedar preci\u00f3s. A principis del 2020 ja va venir a viure a Alguaire, un gran canvi en la seva vida. Aquell mateix any va comen\u00e7ar a l&#8217;escola i va con\u00e8ixer tots els seus amics i amigues. Ens ha dit que li agrada molt venir a aquesta escola! I nosaltres estem molt contents de qu\u00e8 estiguis aqu\u00ed!<\/p>\n<p>Per acabar la presentaci\u00f3 el Ianis ha triat una can\u00e7\u00f3 dels &#8220;Pijamas&#8221;, els seus dibuixos preferits.<\/p>\n<p>Moltes gr\u00e0cies per explicar-nos tantes cosetes.<\/p>\n<p><em>Cliqueu a la imatge principal per veure m\u00e9s fotografies.<\/em><\/p>\n<p><a href=\"https:\/\/drive.google.com\/drive\/folders\/1HG6QVyvtyrzqXzwyMBxZQVKH2V09setX?usp=sharing\"><img loading=\"lazy\" decoding=\"async\" class=\"alignnone size-large wp-image-8971\" src=\"https:\/\/agora.xtec.cat\/esc-teresabergada\/wp-content\/uploads\/usu1533\/2021\/03\/Ianis-1024x1024.png\" alt=\"\" width=\"1024\" height=\"1024\" \/><\/a><\/p>\n","protected":false},"excerpt":{"rendered":"<p>Ja ens queda molt poquet per acabar amb les presentacions de la l\u00ednia de la vida. Teniem moltes ganes de con\u00e8ixer m\u00e9s coses sobre el Ianis i hem estat molt atents a tot el que ens ha explicat.<br \/>\nEl Ianis va n\u00e9ixer al desembre del 2016,&hellip;  <a href=\"https:\/\/agora.xtec.cat\/esc-teresabergada\/infantil\/la-linia-de-la-vida-del-ianis\/\" title=\"Read LA L\u00cdNIA DE LA VIDA DEL IANIS\">Llegeix m\u00e9s\u00bb<\/a><\/p>\n","protected":false},"author":1,"featured_media":0,"comment_status":"open","ping_status":"closed","sticky":false,"template":"","format":"standard","meta":{"_bbp_topic_count":0,"_bbp_reply_count":0,"_bbp_total_topic_count":0,"_bbp_total_reply_count":0,"_bbp_voice_count":0,"_bbp_anonymous_reply_count":0,"_bbp_topic_count_hidden":0,"_bbp_reply_count_hidden":0,"_bbp_forum_subforum_count":0,"footnotes":""},"categories":[236,2],"tags":[],"class_list":["post-8970","post","type-post","status-publish","format-standard","hentry","category-i4","category-infantil"],"post_mailing_queue_ids":[],"_links":{"self":[{"href":"https:\/\/agora.xtec.cat\/esc-teresabergada\/wp-json\/wp\/v2\/posts\/8970","targetHints":{"allow":["GET"]}}],"collection":[{"href":"https:\/\/agora.xtec.cat\/esc-teresabergada\/wp-json\/wp\/v2\/posts"}],"about":[{"href":"https:\/\/agora.xtec.cat\/esc-teresabergada\/wp-json\/wp\/v2\/types\/post"}],"author":[{"embeddable":true,"href":"https:\/\/agora.xtec.cat\/esc-teresabergada\/wp-json\/wp\/v2\/users\/1"}],"replies":[{"embeddable":true,"href":"https:\/\/agora.xtec.cat\/esc-teresabergada\/wp-json\/wp\/v2\/comments?post=8970"}],"version-history":[{"count":1,"href":"https:\/\/agora.xtec.cat\/esc-teresabergada\/wp-json\/wp\/v2\/posts\/8970\/revisions"}],"predecessor-version":[{"id":8972,"href":"https:\/\/agora.xtec.cat\/esc-teresabergada\/wp-json\/wp\/v2\/posts\/8970\/revisions\/8972"}],"wp:attachment":[{"href":"https:\/\/agora.xtec.cat\/esc-teresabergada\/wp-json\/wp\/v2\/media?parent=8970"}],"wp:term":[{"taxonomy":"category","embeddable":true,"href":"https:\/\/agora.xtec.cat\/esc-teresabergada\/wp-json\/wp\/v2\/categories?post=8970"},{"taxonomy":"post_tag","embeddable":true,"href":"https:\/\/agora.xtec.cat\/esc-teresabergada\/wp-json\/wp\/v2\/tags?post=8970"}],"curies":[{"name":"wp","href":"https:\/\/api.w.org\/{rel}","templated":true}]}}