{"id":8912,"date":"2021-03-03T12:21:23","date_gmt":"2021-03-03T11:21:23","guid":{"rendered":"http:\/\/agora.xtec.cat\/esc-teresabergada\/?p=8912"},"modified":"2021-09-17T09:38:05","modified_gmt":"2021-09-17T07:38:05","slug":"comencem-nou-projecte","status":"publish","type":"post","link":"https:\/\/agora.xtec.cat\/esc-teresabergada\/general\/comencem-nou-projecte\/","title":{"rendered":"COMENCEM NOU PROJECTE"},"content":{"rendered":"<p style=\"text-align: center;\"><a href=\"https:\/\/agora.xtec.cat\/esc-teresabergada\/wp-content\/uploads\/usu1533\/2021\/03\/article-5\u00e8B.jpg\"><img loading=\"lazy\" decoding=\"async\" class=\"alignnone wp-image-8913\" src=\"https:\/\/agora.xtec.cat\/esc-teresabergada\/wp-content\/uploads\/usu1533\/2021\/03\/article-5\u00e8B.jpg\" alt=\"\" width=\"420\" height=\"315\" srcset=\"https:\/\/agora.xtec.cat\/esc-teresabergada\/wp-content\/uploads\/usu1533\/2021\/03\/article-5\u00e8B.jpg 638w, https:\/\/agora.xtec.cat\/esc-teresabergada\/wp-content\/uploads\/usu1533\/2021\/03\/article-5\u00e8B-300x225.jpg 300w, https:\/\/agora.xtec.cat\/esc-teresabergada\/wp-content\/uploads\/usu1533\/2021\/03\/article-5\u00e8B-200x150.jpg 200w\" sizes=\"auto, (max-width: 420px) 100vw, 420px\" \/><\/a><!--more--><\/p>\n<p style=\"text-align: justify;\">El dimecres passat, v\u00e0rem comen\u00e7ar el projecte sobre la Hist\u00f2ria, concretament de l&#8217;edat moderna i contempor\u00e0nia. Els nens i nenes de 5\u00e8.B est\u00e0vem molt nerviosos per descobrir quin tema seria!<\/p>\n<p style=\"text-align: justify;\">Vam entrar dins la classe i vam veure que hi havia aliments damunt d&#8217;una taula!<\/p>\n<p style=\"text-align: justify;\">Amb la boca oberta, li v\u00e0rem preguntar a la Miriam: &#8221; Per qu\u00e8&#8221; hi ha una pinya, xocolata del 70%, tom\u00e0quets i patates damunt la taula?&#8221; No vam obtenir resposta fins al moment d&#8217;asseure&#8217;ns. Ella ens va preguntar que quina era l&#8217;activitat que es feia al comen\u00e7ar un projecte nou. Alhora tots vam respondre: &#8220;L&#8217;activitat de xoc!!&#8221; A partir d&#8217;aquell moment vam comen\u00e7ar a formular-nos hip\u00f2tesis sobre quin podia ser el tema del nou projecte! Tothom pensava que seria el cos hum\u00e0, fins que la Miriam va dir: &#8220;No aneu per bon cam\u00ed!&#8221; Acte seguit va comen\u00e7ar a buscar a internet les fruites i verdures. Ens llegia trossos petits de les descripcions, fins arribar al seu origen. Llavors, un nen va dir: &#8220;Ja est\u00e0, el projecte ha de ser de l\u2019edat moderna i contempor\u00e0nia&#8221;. Tothom es va quedar molt impactat. I van comen\u00e7ar a dir: &#8220;Per\u00f2 quina relaci\u00f3 hi ha?!&#8221; Aquell nen va respondre: &#8220;Si us hi fixeu, aquestes fruites i verdures venen d&#8217;Am\u00e8rica!!!I Am\u00e8rica no sempre ha estat coneguda per tot el m\u00f3n!!I quan es va descobrir Am\u00e8rica al 1492, va comen\u00e7ar l&#8217;edat moderna!&#8221; A partir d&#8217;aquell moment tothom ho va comprendre i v\u00e0rem parlar sobre el tema la resta de la tarda.<\/p>\n<p style=\"text-align: justify;\">Quina emoci\u00f3 haver comen\u00e7at un nou projecte!!!!<\/p>\n<p style=\"text-align: justify;\">Ferran i Erik<\/p>\n","protected":false},"excerpt":{"rendered":"<p><a href=\"https:\/\/agora.xtec.cat\/esc-teresabergada\/wp-content\/uploads\/usu1533\/2021\/03\/article-5\u00e8B.jpg\"><\/a><\/p>\n","protected":false},"author":1,"featured_media":8913,"comment_status":"open","ping_status":"closed","sticky":false,"template":"","format":"standard","meta":{"_bbp_topic_count":0,"_bbp_reply_count":0,"_bbp_total_topic_count":0,"_bbp_total_reply_count":0,"_bbp_voice_count":0,"_bbp_anonymous_reply_count":0,"_bbp_topic_count_hidden":0,"_bbp_reply_count_hidden":0,"_bbp_forum_subforum_count":0,"footnotes":""},"categories":[1],"tags":[70],"class_list":["post-8912","post","type-post","status-publish","format-standard","has-post-thumbnail","hentry","category-general","tag-projecte"],"post_mailing_queue_ids":[],"_links":{"self":[{"href":"https:\/\/agora.xtec.cat\/esc-teresabergada\/wp-json\/wp\/v2\/posts\/8912","targetHints":{"allow":["GET"]}}],"collection":[{"href":"https:\/\/agora.xtec.cat\/esc-teresabergada\/wp-json\/wp\/v2\/posts"}],"about":[{"href":"https:\/\/agora.xtec.cat\/esc-teresabergada\/wp-json\/wp\/v2\/types\/post"}],"author":[{"embeddable":true,"href":"https:\/\/agora.xtec.cat\/esc-teresabergada\/wp-json\/wp\/v2\/users\/1"}],"replies":[{"embeddable":true,"href":"https:\/\/agora.xtec.cat\/esc-teresabergada\/wp-json\/wp\/v2\/comments?post=8912"}],"version-history":[{"count":2,"href":"https:\/\/agora.xtec.cat\/esc-teresabergada\/wp-json\/wp\/v2\/posts\/8912\/revisions"}],"predecessor-version":[{"id":8915,"href":"https:\/\/agora.xtec.cat\/esc-teresabergada\/wp-json\/wp\/v2\/posts\/8912\/revisions\/8915"}],"wp:featuredmedia":[{"embeddable":true,"href":"https:\/\/agora.xtec.cat\/esc-teresabergada\/wp-json\/wp\/v2\/media\/8913"}],"wp:attachment":[{"href":"https:\/\/agora.xtec.cat\/esc-teresabergada\/wp-json\/wp\/v2\/media?parent=8912"}],"wp:term":[{"taxonomy":"category","embeddable":true,"href":"https:\/\/agora.xtec.cat\/esc-teresabergada\/wp-json\/wp\/v2\/categories?post=8912"},{"taxonomy":"post_tag","embeddable":true,"href":"https:\/\/agora.xtec.cat\/esc-teresabergada\/wp-json\/wp\/v2\/tags?post=8912"}],"curies":[{"name":"wp","href":"https:\/\/api.w.org\/{rel}","templated":true}]}}