{"id":8884,"date":"2021-03-02T08:02:17","date_gmt":"2021-03-02T07:02:17","guid":{"rendered":"http:\/\/agora.xtec.cat\/esc-teresabergada\/?p=8884"},"modified":"2021-03-02T08:02:17","modified_gmt":"2021-03-02T07:02:17","slug":"la-linia-de-la-vida-de-la-julia","status":"publish","type":"post","link":"https:\/\/agora.xtec.cat\/esc-teresabergada\/infantil\/la-linia-de-la-vida-de-la-julia\/","title":{"rendered":"LA L\u00cdNIA DE LA VIDA DE LA J\u00daLIA"},"content":{"rendered":"<p><a href=\"https:\/\/drive.google.com\/drive\/folders\/1KFOmguJ-wX1cuIoSUtx_UiYtBnhg6_Ve?usp=sharing\"><img loading=\"lazy\" decoding=\"async\" class=\"alignnone size-large wp-image-8885\" src=\"https:\/\/agora.xtec.cat\/esc-teresabergada\/wp-content\/uploads\/usu1533\/2021\/03\/Ju\u0301lia-1024x1024.png\" alt=\"\" width=\"1024\" height=\"1024\" \/><\/a><\/p>\n<p>Hem comen\u00e7at la setmana amb la l\u00ednia de la vida de la J\u00falia que ens ha compartit moltes fotos de moments especials de la seva vida.<\/p>\n<p>La J\u00falia va n\u00e9ixer al desembre del 2016, aix\u00ed que es va passar la majoria de l&#8217;any a dins de la panxa de la seva mare, per\u00f2 va aprofitar els \u00faltims dies de l&#8217;any per fer-se una sessi\u00f3 de fotos preciosa per guardar aquests primers instants de vida. Al 2017 va comen\u00e7ar a cr\u00e9ixer molt i ens n&#8217;hem adonat amb les fotos que ens ha ensenyat de quan tenia 1, 3, 6 i 9 mesos. Aquell estiu van arribar les petites sortides i excursions amb els seus pares i finalment va celebrar el seu primer aniversari. Del 2018 ens ha explicat que ja va poder pujar a les firetes de la festa major amb el seu cosinet Arnau, que va anar a la platja i a mirar un espectacle d&#8217;avions. Va acabar l&#8217;any bufant espelmes. El 2019, un any de canvis, on la J\u00falia va acabar l&#8217;etapa de l&#8217;Escola Bressol i va comen\u00e7ar a l&#8217;escola de grans, est\u00e0 molt orgullosa de la seva foto de graduaci\u00f3. Tamb\u00e9 va anar a la neu i es va llan\u00e7ar amb trineu, ho va trobar s\u00faper divertit! Al 2020, l&#8217;any del quart aniversari, va arribar la seva germaneta Laia i a la J\u00falia li brillen els ulls quan ens parla d&#8217;ella. Tamb\u00e9 va aprendre moltes coses, com nedar sola sense ajuda. La J\u00falia va despedir el 2020 bufant les espelmes del seu past\u00eds vestida de princesa Frozen.<\/p>\n<p>Per acabar la presentaci\u00f3 hem ballat una can\u00e7\u00f3 de la Vaiana ben divertida. Moltes gr\u00e0cies J\u00falia per compartir amb nosaltres la teva hist\u00f2ria de vida.<\/p>\n<p><em>Cliqueu a la imatge principal per veure m\u00e9s fotografies.<\/em><\/p>\n","protected":false},"excerpt":{"rendered":"<p><a href=\"https:\/\/drive.google.com\/drive\/folders\/1KFOmguJ-wX1cuIoSUtx_UiYtBnhg6_Ve?usp=sharing\"><\/a><br \/>\nHem comen\u00e7at la setmana amb la l\u00ednia de la vida de la J\u00falia que ens ha compartit moltes fotos de moments especials de la seva vida.<br \/>\nLa J\u00falia va n\u00e9ixer al desembre del 2016, aix\u00ed que es va passar la majoria de l&#8217;any a dins&hellip;  <a href=\"https:\/\/agora.xtec.cat\/esc-teresabergada\/infantil\/la-linia-de-la-vida-de-la-julia\/\" title=\"Read LA L\u00cdNIA DE LA VIDA DE LA J\u00daLIA\">Llegeix m\u00e9s\u00bb<\/a><\/p>\n","protected":false},"author":1,"featured_media":0,"comment_status":"open","ping_status":"closed","sticky":false,"template":"","format":"standard","meta":{"_bbp_topic_count":0,"_bbp_reply_count":0,"_bbp_total_topic_count":0,"_bbp_total_reply_count":0,"_bbp_voice_count":0,"_bbp_anonymous_reply_count":0,"_bbp_topic_count_hidden":0,"_bbp_reply_count_hidden":0,"_bbp_forum_subforum_count":0,"footnotes":""},"categories":[236,2],"tags":[],"class_list":["post-8884","post","type-post","status-publish","format-standard","hentry","category-i4","category-infantil"],"post_mailing_queue_ids":[],"_links":{"self":[{"href":"https:\/\/agora.xtec.cat\/esc-teresabergada\/wp-json\/wp\/v2\/posts\/8884","targetHints":{"allow":["GET"]}}],"collection":[{"href":"https:\/\/agora.xtec.cat\/esc-teresabergada\/wp-json\/wp\/v2\/posts"}],"about":[{"href":"https:\/\/agora.xtec.cat\/esc-teresabergada\/wp-json\/wp\/v2\/types\/post"}],"author":[{"embeddable":true,"href":"https:\/\/agora.xtec.cat\/esc-teresabergada\/wp-json\/wp\/v2\/users\/1"}],"replies":[{"embeddable":true,"href":"https:\/\/agora.xtec.cat\/esc-teresabergada\/wp-json\/wp\/v2\/comments?post=8884"}],"version-history":[{"count":1,"href":"https:\/\/agora.xtec.cat\/esc-teresabergada\/wp-json\/wp\/v2\/posts\/8884\/revisions"}],"predecessor-version":[{"id":8886,"href":"https:\/\/agora.xtec.cat\/esc-teresabergada\/wp-json\/wp\/v2\/posts\/8884\/revisions\/8886"}],"wp:attachment":[{"href":"https:\/\/agora.xtec.cat\/esc-teresabergada\/wp-json\/wp\/v2\/media?parent=8884"}],"wp:term":[{"taxonomy":"category","embeddable":true,"href":"https:\/\/agora.xtec.cat\/esc-teresabergada\/wp-json\/wp\/v2\/categories?post=8884"},{"taxonomy":"post_tag","embeddable":true,"href":"https:\/\/agora.xtec.cat\/esc-teresabergada\/wp-json\/wp\/v2\/tags?post=8884"}],"curies":[{"name":"wp","href":"https:\/\/api.w.org\/{rel}","templated":true}]}}