{"id":8880,"date":"2021-03-01T13:53:53","date_gmt":"2021-03-01T12:53:53","guid":{"rendered":"http:\/\/agora.xtec.cat\/esc-teresabergada\/?p=8880"},"modified":"2021-03-01T13:54:37","modified_gmt":"2021-03-01T12:54:37","slug":"la-linia-de-la-vida-de-laya","status":"publish","type":"post","link":"https:\/\/agora.xtec.cat\/esc-teresabergada\/infantil\/la-linia-de-la-vida-de-laya\/","title":{"rendered":"LA L\u00cdNIA DE LA VIDA DE L&#8217;AYA"},"content":{"rendered":"<p><a href=\"https:\/\/drive.google.com\/drive\/folders\/1tBakGKQWC7Ts4oOOTFTa4A8imBztq61y?usp=sharing\"><img loading=\"lazy\" decoding=\"async\" class=\"alignnone size-large wp-image-8881\" src=\"https:\/\/agora.xtec.cat\/esc-teresabergada\/wp-content\/uploads\/usu1533\/2021\/03\/Aya-1024x1024.png\" alt=\"\" width=\"1024\" height=\"1024\" \/><\/a><\/p>\n<p>Continuem treballant el projecte de la l\u00ednia de la vida, ja estem a la recta final de les presentacions&#8230;<\/p>\n<p>L&#8217;Aya ens ha explicat molt b\u00e9 tots els seus moments importants, va n\u00e9ixer a l&#8217;agost del 2016\u00a0 i va ser una gran celebraci\u00f3 per la seva fam\u00edlia, ja que era la primera nena. Al 2017 van comen\u00e7ar les primeres vegades per l&#8217;Aya: la seva primera mona, les primeres tardes al parc, trobades amb familiars, dies de platja, el seu primera aniversari&#8230; un munt de moments especials. L&#8217;any 2018 l&#8217;Aya ens ha explicat moltes coses que va fer a l&#8217;Escola Bressol, on va con\u00e8ixer els seus amics i amigues i va aprendre molt. Tamb\u00e9 ens ha ensenyat el seu arbre de Nadal, que els hi va quedar preci\u00f3s. AL 2019 va viatjar a M\u00e0laga a visitar els seus cosins i tiets, tant de bo ben aviat es puguin tornar a veure. Finament,de\u00a0 l&#8217;any 2020 el moment m\u00e9s especial per l&#8217;Aya va ser quan va poder tornar a l&#8217;escola, ho trobava molt a faltar. Per acabar la seva presentaci\u00f3 ha triat una can\u00e7\u00f3 de la Minnie.<\/p>\n<p>Sense dubte ens quedem amb l&#8217;eterna rialla que l&#8217;Aya sempre ens regala, moltes gr\u00e0cies per compartir la teva l\u00ednia de la vida amb tots nosaltres.<\/p>\n<p><em>Cliqueu a la imatge principal per veure m\u00e9s fotografies.<\/em><\/p>\n","protected":false},"excerpt":{"rendered":"<p><a href=\"https:\/\/drive.google.com\/drive\/folders\/1tBakGKQWC7Ts4oOOTFTa4A8imBztq61y?usp=sharing\"><\/a><br \/>\nContinuem treballant el projecte de la l\u00ednia de la vida, ja estem a la recta final de les presentacions&#8230;<br \/>\nL&#8217;Aya ens ha explicat molt b\u00e9 tots els seus moments importants, va n\u00e9ixer a l&#8217;agost del 2016\u00a0 i va ser una gran celebraci\u00f3 per la seva&hellip;  <a href=\"https:\/\/agora.xtec.cat\/esc-teresabergada\/infantil\/la-linia-de-la-vida-de-laya\/\" title=\"Read LA L\u00cdNIA DE LA VIDA DE L&#8217;AYA\">Llegeix m\u00e9s\u00bb<\/a><\/p>\n","protected":false},"author":1,"featured_media":0,"comment_status":"open","ping_status":"closed","sticky":false,"template":"","format":"standard","meta":{"_bbp_topic_count":0,"_bbp_reply_count":0,"_bbp_total_topic_count":0,"_bbp_total_reply_count":0,"_bbp_voice_count":0,"_bbp_anonymous_reply_count":0,"_bbp_topic_count_hidden":0,"_bbp_reply_count_hidden":0,"_bbp_forum_subforum_count":0,"footnotes":""},"categories":[236,2],"tags":[],"class_list":["post-8880","post","type-post","status-publish","format-standard","hentry","category-i4","category-infantil"],"post_mailing_queue_ids":[],"_links":{"self":[{"href":"https:\/\/agora.xtec.cat\/esc-teresabergada\/wp-json\/wp\/v2\/posts\/8880","targetHints":{"allow":["GET"]}}],"collection":[{"href":"https:\/\/agora.xtec.cat\/esc-teresabergada\/wp-json\/wp\/v2\/posts"}],"about":[{"href":"https:\/\/agora.xtec.cat\/esc-teresabergada\/wp-json\/wp\/v2\/types\/post"}],"author":[{"embeddable":true,"href":"https:\/\/agora.xtec.cat\/esc-teresabergada\/wp-json\/wp\/v2\/users\/1"}],"replies":[{"embeddable":true,"href":"https:\/\/agora.xtec.cat\/esc-teresabergada\/wp-json\/wp\/v2\/comments?post=8880"}],"version-history":[{"count":2,"href":"https:\/\/agora.xtec.cat\/esc-teresabergada\/wp-json\/wp\/v2\/posts\/8880\/revisions"}],"predecessor-version":[{"id":8883,"href":"https:\/\/agora.xtec.cat\/esc-teresabergada\/wp-json\/wp\/v2\/posts\/8880\/revisions\/8883"}],"wp:attachment":[{"href":"https:\/\/agora.xtec.cat\/esc-teresabergada\/wp-json\/wp\/v2\/media?parent=8880"}],"wp:term":[{"taxonomy":"category","embeddable":true,"href":"https:\/\/agora.xtec.cat\/esc-teresabergada\/wp-json\/wp\/v2\/categories?post=8880"},{"taxonomy":"post_tag","embeddable":true,"href":"https:\/\/agora.xtec.cat\/esc-teresabergada\/wp-json\/wp\/v2\/tags?post=8880"}],"curies":[{"name":"wp","href":"https:\/\/api.w.org\/{rel}","templated":true}]}}