{"id":8869,"date":"2021-03-01T07:30:22","date_gmt":"2021-03-01T06:30:22","guid":{"rendered":"http:\/\/agora.xtec.cat\/esc-teresabergada\/?p=8869"},"modified":"2021-10-26T16:24:09","modified_gmt":"2021-10-26T14:24:09","slug":"la-capsa-de-vida-de-liborahima","status":"publish","type":"post","link":"https:\/\/agora.xtec.cat\/esc-teresabergada\/infantil\/i4\/la-capsa-de-vida-de-liborahima\/","title":{"rendered":"La Capsa de vida de l&#8217;Iborahima."},"content":{"rendered":"<p><a href=\"https:\/\/drive.google.com\/drive\/folders\/19XUhchME4RUugFNag0wyfed6N1RfQ6UI?usp=sharing\"><img loading=\"lazy\" decoding=\"async\" class=\" wp-image-8870 aligncenter\" src=\"https:\/\/agora.xtec.cat\/esc-teresabergada\/wp-content\/uploads\/usu1533\/2021\/03\/IBORAHIMA-1024x819.jpg\" alt=\"\" width=\"634\" height=\"507\" srcset=\"https:\/\/agora.xtec.cat\/esc-teresabergada\/wp-content\/uploads\/usu1533\/2021\/03\/IBORAHIMA-1024x819.jpg 1024w, https:\/\/agora.xtec.cat\/esc-teresabergada\/wp-content\/uploads\/usu1533\/2021\/03\/IBORAHIMA-300x240.jpg 300w, https:\/\/agora.xtec.cat\/esc-teresabergada\/wp-content\/uploads\/usu1533\/2021\/03\/IBORAHIMA-768x614.jpg 768w, https:\/\/agora.xtec.cat\/esc-teresabergada\/wp-content\/uploads\/usu1533\/2021\/03\/IBORAHIMA.jpg 2000w\" sizes=\"auto, (max-width: 634px) 100vw, 634px\" \/><\/a><\/p>\n<p>Ja tenim la Capsa de vida de l&#8217;Ibi. Ens l&#8217;ha presentada amb molt entusiasme. Una capsa tota pintada de color blau amb fotografies d&#8217;ell, sempre rient tot feli\u00e7. La veritat \u00e9s que ha mostrat molta il\u00b7lusi\u00f3 a mesura que anava treient de la capsa tots els objectes significatius per a ell.<\/p>\n<p>L&#8217;Ibi ens ha portat sobretot objectes de quan era molt petit. El primer que ens ha volgut ensenyar \u00e9s el seu peluix preferit, un mickey\u00a0 que si el mous fa de sonall perqu\u00e8 en porta un a les mans. La seva primera manta de nad\u00f3, blanca per\u00f2 decorada amb color clau cel; una manta suau i petita per la seva mida actual, \u00e9s clar. Finalment una bufanda i unes manyoples de recent nascut, les quals ha intentat posar-se, tot i que semblaven de nina. De seguida hem vist que no li cabien les manyoples i que la bufanda tot just li envoltava el coll.<\/p>\n<p>L&#8217;Ibi ha estat molt content de poder-nos ensenyar els seus tresors i s&#8217;ha volgut aixecar i mostra-ho de ben aprop cada vegada que treia un objecte. Al final, li hem fet l&#8217;aplaudiment que l&#8217;ha acabat d&#8217;omplir de joia. Gr\u00e0cies Ibi i fam\u00edlia.<\/p>\n<p><em>*Si voleu veure les fotografies de l&#8217;expo, cliqueu a la <strong>foto principal<\/strong>.<\/em><\/p>\n","protected":false},"excerpt":{"rendered":"<p><a href=\"https:\/\/drive.google.com\/drive\/folders\/19XUhchME4RUugFNag0wyfed6N1RfQ6UI?usp=sharing\"><\/a><br \/>\nJa tenim la Capsa de vida de l&#8217;Ibi. Ens l&#8217;ha presentada amb molt entusiasme. Una capsa tota pintada de color blau amb fotografies d&#8217;ell, sempre rient tot feli\u00e7. La veritat \u00e9s que ha mostrat molta il\u00b7lusi\u00f3 a mesura que anava treient de la capsa&hellip;  <a href=\"https:\/\/agora.xtec.cat\/esc-teresabergada\/infantil\/i4\/la-capsa-de-vida-de-liborahima\/\" title=\"Read La Capsa de vida de l&#8217;Iborahima.\">Llegeix m\u00e9s\u00bb<\/a><\/p>\n","protected":false},"author":12,"featured_media":8870,"comment_status":"open","ping_status":"closed","sticky":false,"template":"","format":"standard","meta":{"_bbp_topic_count":0,"_bbp_reply_count":0,"_bbp_total_topic_count":0,"_bbp_total_reply_count":0,"_bbp_voice_count":0,"_bbp_anonymous_reply_count":0,"_bbp_topic_count_hidden":0,"_bbp_reply_count_hidden":0,"_bbp_forum_subforum_count":0,"footnotes":""},"categories":[236],"tags":[317,121],"class_list":["post-8869","post","type-post","status-publish","format-standard","has-post-thumbnail","hentry","category-i4","tag-capses-de-vida","tag-educacio-infantil"],"post_mailing_queue_ids":[],"_links":{"self":[{"href":"https:\/\/agora.xtec.cat\/esc-teresabergada\/wp-json\/wp\/v2\/posts\/8869","targetHints":{"allow":["GET"]}}],"collection":[{"href":"https:\/\/agora.xtec.cat\/esc-teresabergada\/wp-json\/wp\/v2\/posts"}],"about":[{"href":"https:\/\/agora.xtec.cat\/esc-teresabergada\/wp-json\/wp\/v2\/types\/post"}],"author":[{"embeddable":true,"href":"https:\/\/agora.xtec.cat\/esc-teresabergada\/wp-json\/wp\/v2\/users\/12"}],"replies":[{"embeddable":true,"href":"https:\/\/agora.xtec.cat\/esc-teresabergada\/wp-json\/wp\/v2\/comments?post=8869"}],"version-history":[{"count":3,"href":"https:\/\/agora.xtec.cat\/esc-teresabergada\/wp-json\/wp\/v2\/posts\/8869\/revisions"}],"predecessor-version":[{"id":8875,"href":"https:\/\/agora.xtec.cat\/esc-teresabergada\/wp-json\/wp\/v2\/posts\/8869\/revisions\/8875"}],"wp:featuredmedia":[{"embeddable":true,"href":"https:\/\/agora.xtec.cat\/esc-teresabergada\/wp-json\/wp\/v2\/media\/8870"}],"wp:attachment":[{"href":"https:\/\/agora.xtec.cat\/esc-teresabergada\/wp-json\/wp\/v2\/media?parent=8869"}],"wp:term":[{"taxonomy":"category","embeddable":true,"href":"https:\/\/agora.xtec.cat\/esc-teresabergada\/wp-json\/wp\/v2\/categories?post=8869"},{"taxonomy":"post_tag","embeddable":true,"href":"https:\/\/agora.xtec.cat\/esc-teresabergada\/wp-json\/wp\/v2\/tags?post=8869"}],"curies":[{"name":"wp","href":"https:\/\/api.w.org\/{rel}","templated":true}]}}