{"id":8861,"date":"2021-03-01T08:52:30","date_gmt":"2021-03-01T07:52:30","guid":{"rendered":"http:\/\/agora.xtec.cat\/esc-teresabergada\/?p=8861"},"modified":"2021-03-01T09:00:02","modified_gmt":"2021-03-01T08:00:02","slug":"la-linia-de-la-vida-de-laleix","status":"publish","type":"post","link":"https:\/\/agora.xtec.cat\/esc-teresabergada\/infantil\/la-linia-de-la-vida-de-laleix\/","title":{"rendered":"LA L\u00cdNIA DE LA VIDA DE L&#8217;ALEIX"},"content":{"rendered":"<p><a href=\"https:\/\/drive.google.com\/drive\/folders\/1HVS20mblMqhel8J-a1tGi2h8I8RNNN9S?usp=sharing\"><img loading=\"lazy\" decoding=\"async\" class=\"alignnone size-large wp-image-8876\" src=\"https:\/\/agora.xtec.cat\/esc-teresabergada\/wp-content\/uploads\/usu1533\/2021\/02\/Aleix-1024x1024.png\" alt=\"\" width=\"1024\" height=\"1024\" \/><\/a><\/p>\n<p>Anem a descobrir la l\u00ednia de la vida de l&#8217;Aleix, som-hi!<\/p>\n<p>L&#8217;Aleix va n\u00e9ixer al mar\u00e7 del 2016 i feia 3,130kg i 49 cm, qu\u00e8 gran s&#8217;ha fet. Passava moltes estones amb el seu germ\u00e0 gran Aran, qui li explicava contes i el feia jugar molt. Al 2017 l&#8217;Aleix va comen\u00e7ar a fer sortides amb la seva fam\u00edlia, com quan van anar a Port Aventura, al cinema o al circ! Quin munt d&#8217;aventures divertides. Al 2018 van anar a Andorra per les vacances de Nadal i l&#8217;Aleix en t\u00e9 un record molt m\u00e0gic. Hi havia un ti\u00f3 gegant i tamb\u00e9 va con\u00e8ixer els ajudants i els rens del Pare Noel i als camells del Reis Mags, quina sort! Al 2019 l&#8217;Aleix va continuar sumant aventures, com anar a la muntanya i jugar amb la neu o passar les vacances d&#8217;estiu al c\u00e0mping, que tant li agrada amb les piscines que tenen i els espais de joc. Aquell any el seu pare va construir un cuineta al jard\u00ed de casa s\u00faper xula, amb un munt d&#8217;accessoris i aigua de veritat, quin artista el pare! Al 2020 l&#8217;Aleix ha gaudit molt amb el saltador de casa seva, s\u00faper gran i segur que molt divertit, i tamb\u00e9 de fer llargues passejades amb els gossos del seu padr\u00ed, la Lluna i la Perla.<\/p>\n<p>Per acabar ens va fer ballar al ritme d&#8217;una can\u00e7\u00f3 ben divertida que es diu &#8220;No me quiero ba\u00f1ar&#8221;, quins riures tots plegats.<\/p>\n<p>Molt\u00edssimes gr\u00e0cies Aleix per compartir amb nosaltres tots els teus moments importants. Ens ha encantat escoltar-te.<\/p>\n<p><em>Cliqueu la imatge principal per veure m\u00e9s fotografies<\/em><\/p>\n","protected":false},"excerpt":{"rendered":"<p><a href=\"https:\/\/drive.google.com\/drive\/folders\/1HVS20mblMqhel8J-a1tGi2h8I8RNNN9S?usp=sharing\"><\/a><br \/>\nAnem a descobrir la l\u00ednia de la vida de l&#8217;Aleix, som-hi!<br \/>\nL&#8217;Aleix va n\u00e9ixer al mar\u00e7 del 2016 i feia 3,130kg i 49 cm, qu\u00e8 gran s&#8217;ha fet. Passava moltes estones amb el seu germ\u00e0 gran Aran, qui li explicava contes i el feia jugar&hellip;  <a href=\"https:\/\/agora.xtec.cat\/esc-teresabergada\/infantil\/la-linia-de-la-vida-de-laleix\/\" title=\"Read LA L\u00cdNIA DE LA VIDA DE L&#8217;ALEIX\">Llegeix m\u00e9s\u00bb<\/a><\/p>\n","protected":false},"author":1,"featured_media":0,"comment_status":"open","ping_status":"closed","sticky":false,"template":"","format":"standard","meta":{"_bbp_topic_count":0,"_bbp_reply_count":0,"_bbp_total_topic_count":0,"_bbp_total_reply_count":0,"_bbp_voice_count":0,"_bbp_anonymous_reply_count":0,"_bbp_topic_count_hidden":0,"_bbp_reply_count_hidden":0,"_bbp_forum_subforum_count":0,"footnotes":""},"categories":[236,2],"tags":[],"class_list":["post-8861","post","type-post","status-publish","format-standard","hentry","category-i4","category-infantil"],"post_mailing_queue_ids":[],"_links":{"self":[{"href":"https:\/\/agora.xtec.cat\/esc-teresabergada\/wp-json\/wp\/v2\/posts\/8861","targetHints":{"allow":["GET"]}}],"collection":[{"href":"https:\/\/agora.xtec.cat\/esc-teresabergada\/wp-json\/wp\/v2\/posts"}],"about":[{"href":"https:\/\/agora.xtec.cat\/esc-teresabergada\/wp-json\/wp\/v2\/types\/post"}],"author":[{"embeddable":true,"href":"https:\/\/agora.xtec.cat\/esc-teresabergada\/wp-json\/wp\/v2\/users\/1"}],"replies":[{"embeddable":true,"href":"https:\/\/agora.xtec.cat\/esc-teresabergada\/wp-json\/wp\/v2\/comments?post=8861"}],"version-history":[{"count":3,"href":"https:\/\/agora.xtec.cat\/esc-teresabergada\/wp-json\/wp\/v2\/posts\/8861\/revisions"}],"predecessor-version":[{"id":8879,"href":"https:\/\/agora.xtec.cat\/esc-teresabergada\/wp-json\/wp\/v2\/posts\/8861\/revisions\/8879"}],"wp:attachment":[{"href":"https:\/\/agora.xtec.cat\/esc-teresabergada\/wp-json\/wp\/v2\/media?parent=8861"}],"wp:term":[{"taxonomy":"category","embeddable":true,"href":"https:\/\/agora.xtec.cat\/esc-teresabergada\/wp-json\/wp\/v2\/categories?post=8861"},{"taxonomy":"post_tag","embeddable":true,"href":"https:\/\/agora.xtec.cat\/esc-teresabergada\/wp-json\/wp\/v2\/tags?post=8861"}],"curies":[{"name":"wp","href":"https:\/\/api.w.org\/{rel}","templated":true}]}}