{"id":8847,"date":"2021-02-24T13:38:42","date_gmt":"2021-02-24T12:38:42","guid":{"rendered":"http:\/\/agora.xtec.cat\/esc-teresabergada\/?p=8847"},"modified":"2021-02-24T13:39:31","modified_gmt":"2021-02-24T12:39:31","slug":"la-linia-de-la-vida-de-lanais","status":"publish","type":"post","link":"https:\/\/agora.xtec.cat\/esc-teresabergada\/infantil\/la-linia-de-la-vida-de-lanais\/","title":{"rendered":"LA L\u00cdNIA DE LA VIDA DE L&#8217;ANA\u00cfS"},"content":{"rendered":"<p><a href=\"https:\/\/drive.google.com\/drive\/folders\/11-BgymumdTIF7BJhJOKLuT676lF2oxl2?usp=sharing\"><img loading=\"lazy\" decoding=\"async\" class=\"alignnone size-large wp-image-8848\" src=\"https:\/\/agora.xtec.cat\/esc-teresabergada\/wp-content\/uploads\/usu1533\/2021\/02\/Ana\u00efs-1024x1024.png\" alt=\"\" width=\"1024\" height=\"1024\" \/><\/a><\/p>\n<p>A P4 seguim enfeinats amb el projecte de la l\u00ednia de la vida. L&#8217;Ana\u00efs ja ens ha explicat la seva i hem descobert quines han estat les seves experi\u00e8ncies m\u00e9s importants fins ara.<\/p>\n<p>L&#8217;Ana\u00efs va n\u00e9ixer al juliol del 2016, ens ha agradat veure que era molt petitona. Aquell any ja es va disfressar per primera vegada per Halloween, i ens ha explicat que li encanten les disfresses! Al 2017 va agafar un avi\u00f3 per primera vegada per anar a Mallorca a veure els seus cosinets i va celebrar el primer aniversari amb un past\u00eds\u00a0 delici\u00f3s! Al 2018 l&#8217;Ana\u00efs va guanyar la seva primera medalla, amb quina il\u00b7lusi\u00f3 ens ho ha explicat! I es va disfressar d&#8217;indi amb els seus pares. L&#8217;any 2019 va ser molt especial per a ella, va n\u00e9ixer la seva &#8220;tata&#8221; Laura i va comen\u00e7ar a l&#8217;escola. Quin munt d&#8217;emocions. Del 2020 ens ha dit que va portar un virus que ens va fer quedar a casa i feia videotrucades amb els seus amics per veure&#8217;s i explicar-se coses, sort que a l&#8217;estiu va poder anar de vacances amb la seva fam\u00edlia a un hotel que tenia moltes piscines.<\/p>\n<p>L&#8217;Ana\u00efs ha volgut acabar la seva presentaci\u00f3 amb una can\u00e7\u00f3 de la &#8220;Bella y la Bestia&#8221;.<\/p>\n<p>Moltes gr\u00e0cies per compartir amb nosaltres tots aquests moments de la teva vida.<\/p>\n<p><em>Cliqueu a la imatge principal per veure m\u00e9s fotografies.<\/em><\/p>\n<p>&nbsp;<\/p>\n","protected":false},"excerpt":{"rendered":"<p><a href=\"https:\/\/drive.google.com\/drive\/folders\/11-BgymumdTIF7BJhJOKLuT676lF2oxl2?usp=sharing\"><\/a><br \/>\nA P4 seguim enfeinats amb el projecte de la l\u00ednia de la vida. L&#8217;Ana\u00efs ja ens ha explicat la seva i hem descobert quines han estat les seves experi\u00e8ncies m\u00e9s importants fins ara.<br \/>\nL&#8217;Ana\u00efs va n\u00e9ixer al juliol del 2016, ens ha agradat veure que&hellip;  <a href=\"https:\/\/agora.xtec.cat\/esc-teresabergada\/infantil\/la-linia-de-la-vida-de-lanais\/\" title=\"Read LA L\u00cdNIA DE LA VIDA DE L&#8217;ANA\u00cfS\">Llegeix m\u00e9s\u00bb<\/a><\/p>\n","protected":false},"author":1,"featured_media":0,"comment_status":"open","ping_status":"closed","sticky":false,"template":"","format":"standard","meta":{"_bbp_topic_count":0,"_bbp_reply_count":0,"_bbp_total_topic_count":0,"_bbp_total_reply_count":0,"_bbp_voice_count":0,"_bbp_anonymous_reply_count":0,"_bbp_topic_count_hidden":0,"_bbp_reply_count_hidden":0,"_bbp_forum_subforum_count":0,"footnotes":""},"categories":[236,2],"tags":[],"class_list":["post-8847","post","type-post","status-publish","format-standard","hentry","category-i4","category-infantil"],"post_mailing_queue_ids":[],"_links":{"self":[{"href":"https:\/\/agora.xtec.cat\/esc-teresabergada\/wp-json\/wp\/v2\/posts\/8847","targetHints":{"allow":["GET"]}}],"collection":[{"href":"https:\/\/agora.xtec.cat\/esc-teresabergada\/wp-json\/wp\/v2\/posts"}],"about":[{"href":"https:\/\/agora.xtec.cat\/esc-teresabergada\/wp-json\/wp\/v2\/types\/post"}],"author":[{"embeddable":true,"href":"https:\/\/agora.xtec.cat\/esc-teresabergada\/wp-json\/wp\/v2\/users\/1"}],"replies":[{"embeddable":true,"href":"https:\/\/agora.xtec.cat\/esc-teresabergada\/wp-json\/wp\/v2\/comments?post=8847"}],"version-history":[{"count":2,"href":"https:\/\/agora.xtec.cat\/esc-teresabergada\/wp-json\/wp\/v2\/posts\/8847\/revisions"}],"predecessor-version":[{"id":8850,"href":"https:\/\/agora.xtec.cat\/esc-teresabergada\/wp-json\/wp\/v2\/posts\/8847\/revisions\/8850"}],"wp:attachment":[{"href":"https:\/\/agora.xtec.cat\/esc-teresabergada\/wp-json\/wp\/v2\/media?parent=8847"}],"wp:term":[{"taxonomy":"category","embeddable":true,"href":"https:\/\/agora.xtec.cat\/esc-teresabergada\/wp-json\/wp\/v2\/categories?post=8847"},{"taxonomy":"post_tag","embeddable":true,"href":"https:\/\/agora.xtec.cat\/esc-teresabergada\/wp-json\/wp\/v2\/tags?post=8847"}],"curies":[{"name":"wp","href":"https:\/\/api.w.org\/{rel}","templated":true}]}}