{"id":8841,"date":"2021-02-24T12:11:47","date_gmt":"2021-02-24T11:11:47","guid":{"rendered":"http:\/\/agora.xtec.cat\/esc-teresabergada\/?p=8841"},"modified":"2021-09-17T09:38:14","modified_gmt":"2021-09-17T07:38:14","slug":"taller-cientific-aire-que-ve-dalguaire","status":"publish","type":"post","link":"https:\/\/agora.xtec.cat\/esc-teresabergada\/general\/taller-cientific-aire-que-ve-dalguaire\/","title":{"rendered":"TALLER CIENT\u00cdFIC AIRE QUE VE D&#8217;ALGUAIRE"},"content":{"rendered":"<p style=\"text-align: justify;\">El dimecres dia 17 vam comen\u00e7ar <a href=\"https:\/\/photos.app.goo.gl\/npJKiuJVagzX8w6w6\" target=\"_blank\" rel=\"noopener noreferrer\">els tallers cient\u00edfics<\/a> (feu clic a els tallers cient\u00edfics per veure les fotos i v\u00eddeos) amb la mestra Laura Vilaplana. Vam aprendre moltes coses: si l&#8217;aire i el vent s\u00f3n el mateix, per qu\u00e8 quan correm notem l&#8217;aire, qu\u00e8 passa quan es desinfla un globus l&#8217;aire surt i si les fulles les mou el vent.<\/p>\n<table style=\"width: 675px;\">\n<tbody>\n<tr>\n<td style=\"width: 325.333px;\"><a href=\"https:\/\/agora.xtec.cat\/esc-teresabergada\/wp-content\/uploads\/usu1533\/2021\/02\/inflar-globus.jpg\"><img loading=\"lazy\" decoding=\"async\" class=\"alignnone size-large wp-image-8842\" src=\"https:\/\/agora.xtec.cat\/esc-teresabergada\/wp-content\/uploads\/usu1533\/2021\/02\/inflar-globus-1024x768.jpg\" alt=\"\" width=\"1024\" height=\"768\" \/><\/a><\/td>\n<td style=\"width: 342px;\"><a href=\"https:\/\/agora.xtec.cat\/esc-teresabergada\/wp-content\/uploads\/usu1533\/2021\/02\/carla.jpg\"><img loading=\"lazy\" decoding=\"async\" class=\"alignnone wp-image-8843\" src=\"https:\/\/agora.xtec.cat\/esc-teresabergada\/wp-content\/uploads\/usu1533\/2021\/02\/carla-1024x768.jpg\" alt=\"\" width=\"304\" height=\"406\" \/><\/a><\/td>\n<\/tr>\n<\/tbody>\n<\/table>\n<p style=\"text-align: justify;\">Vam fer un petit experiment amb una ampolla i un globus. Vam posar el globus dins de l&#8217;ampolla i vam intentar inflar-lo, i no vam poder. Despr\u00e9s vam fer un forat al cul de l&#8217;ampolla i llavors s\u00ed que es podia inflar. El dia seg\u00fcent vam fer un cotxet d&#8217;aire, el cotxet es movia sol perqu\u00e8 quan el globus es va desinflar treia l&#8217;aire de dins i feia for\u00e7a per moure&#8217;l.<\/p>\n<p style=\"text-align: justify;\">Ens va agradar molt tot! Ens ho vam passar genial!<\/p>\n<p style=\"text-align: justify;\">Fatou i Carla<\/p>\n","protected":false},"excerpt":{"rendered":"<p>El dimecres dia 17 vam comen\u00e7ar <a href=\"https:\/\/photos.app.goo.gl\/npJKiuJVagzX8w6w6\" target=\"_blank\" rel=\"noopener noreferrer\">els tallers cient\u00edfics<\/a> (feu clic a els tallers cient\u00edfics per veure les fotos i v\u00eddeos) amb la mestra Laura Vilaplana. Vam aprendre moltes coses: si l&#8217;aire i el vent s\u00f3n el mateix, per qu\u00e8 quan&hellip;  <a href=\"https:\/\/agora.xtec.cat\/esc-teresabergada\/general\/taller-cientific-aire-que-ve-dalguaire\/\" title=\"Read TALLER CIENT\u00cdFIC AIRE QUE VE D&#8217;ALGUAIRE\">Llegeix m\u00e9s\u00bb<\/a><\/p>\n","protected":false},"author":1,"featured_media":0,"comment_status":"open","ping_status":"closed","sticky":false,"template":"","format":"standard","meta":{"_bbp_topic_count":0,"_bbp_reply_count":0,"_bbp_total_topic_count":0,"_bbp_total_reply_count":0,"_bbp_voice_count":0,"_bbp_anonymous_reply_count":0,"_bbp_topic_count_hidden":0,"_bbp_reply_count_hidden":0,"_bbp_forum_subforum_count":0,"footnotes":""},"categories":[1],"tags":[220],"class_list":["post-8841","post","type-post","status-publish","format-standard","hentry","category-general","tag-tallers-cientifics"],"post_mailing_queue_ids":[],"_links":{"self":[{"href":"https:\/\/agora.xtec.cat\/esc-teresabergada\/wp-json\/wp\/v2\/posts\/8841","targetHints":{"allow":["GET"]}}],"collection":[{"href":"https:\/\/agora.xtec.cat\/esc-teresabergada\/wp-json\/wp\/v2\/posts"}],"about":[{"href":"https:\/\/agora.xtec.cat\/esc-teresabergada\/wp-json\/wp\/v2\/types\/post"}],"author":[{"embeddable":true,"href":"https:\/\/agora.xtec.cat\/esc-teresabergada\/wp-json\/wp\/v2\/users\/1"}],"replies":[{"embeddable":true,"href":"https:\/\/agora.xtec.cat\/esc-teresabergada\/wp-json\/wp\/v2\/comments?post=8841"}],"version-history":[{"count":2,"href":"https:\/\/agora.xtec.cat\/esc-teresabergada\/wp-json\/wp\/v2\/posts\/8841\/revisions"}],"predecessor-version":[{"id":8846,"href":"https:\/\/agora.xtec.cat\/esc-teresabergada\/wp-json\/wp\/v2\/posts\/8841\/revisions\/8846"}],"wp:attachment":[{"href":"https:\/\/agora.xtec.cat\/esc-teresabergada\/wp-json\/wp\/v2\/media?parent=8841"}],"wp:term":[{"taxonomy":"category","embeddable":true,"href":"https:\/\/agora.xtec.cat\/esc-teresabergada\/wp-json\/wp\/v2\/categories?post=8841"},{"taxonomy":"post_tag","embeddable":true,"href":"https:\/\/agora.xtec.cat\/esc-teresabergada\/wp-json\/wp\/v2\/tags?post=8841"}],"curies":[{"name":"wp","href":"https:\/\/api.w.org\/{rel}","templated":true}]}}