{"id":8828,"date":"2021-02-23T11:04:55","date_gmt":"2021-02-23T10:04:55","guid":{"rendered":"http:\/\/agora.xtec.cat\/esc-teresabergada\/?p=8828"},"modified":"2021-09-17T10:52:08","modified_gmt":"2021-09-17T08:52:08","slug":"preinscripcio-curs-21-22","status":"publish","type":"post","link":"https:\/\/agora.xtec.cat\/esc-teresabergada\/general\/preinscripcio-curs-21-22\/","title":{"rendered":"PREINSCRIPCI\u00d3 CURS 21-22"},"content":{"rendered":"<p><img decoding=\"async\" class=\"alignright\" src=\"https:\/\/espai.educacio.gencat.cat\/Alumnes\/PreinscripcioMatricula\/PublishingImages\/banner-verd-preins-web-centres.png\" \/><\/p>\n<p><strong>Preinscripci\u00f3 per als ensenyaments d\u2019Infantil i Prim\u00e0ria<\/strong>: del 15 al 24 de Mar\u00e7 (ambd\u00f3s inclosos).<\/p>\n<p>El\u00a0Departament d\u2019Educaci\u00f3\u00a0ha posat en marxa el nou web\u00a0<strong><a href=\"https:\/\/preinscripcio.gencat.cat\/ca\/inici\/\" target=\"_blank\" rel=\"noopener noreferrer\" data-saferedirecturl=\"https:\/\/www.google.com\/url?q=https:\/\/preinscripcio.gencat.cat\/ca\/inici\/&amp;source=gmail&amp;ust=1613818088862000&amp;usg=AFQjCNFWqm5WDTHjF-9LoKJtfapgP-L11Q\">preinscripcio.gencat.cat<\/a><\/strong>, que neix de la voluntat d\u2019acompanyar millor les fam\u00edlies durant el proc\u00e9s de preinscripci\u00f3 2021-2022 als ensenyaments obligatoris.<\/p>\n<p>Aquest nou portal tem\u00e0tic veu la llum en el context de pand\u00e8mia per la covid-19 i permetr\u00e0 donar suport en la tramitaci\u00f3 telem\u00e0tica de la preinscripci\u00f3.<\/p>\n<p>El nou web \u00e9s responsiu i, per tant, es pot consultar des de qualsevol dispositiu m\u00f2bil. Aquest portal presenta els continguts redactats en un llenguatge planer i inclou un ampli centre de suport per a cadascun dels estudis. En aquest espai es poden trobar podcasts, v\u00eddeos, un glossari i tamb\u00e9 un ampli apartat de preguntes m\u00e9s freq\u00fcents, on es dona resposta als dubtes que es plantegen les fam\u00edlies m\u00e9s sovint a l\u2019hora de formalitzar la preinscripci\u00f3 dels seus fills i filles.<\/p>\n<p>A m\u00e9s, incorpora al men\u00fa superior un bot\u00f3 de traducci\u00f3 autom\u00e0tica, que permet navegar per tot el web en catal\u00e0, castell\u00e0, occit\u00e0-aran\u00e8s, angl\u00e8s, franc\u00e8s, itali\u00e0, portugu\u00e8s i alemany.<\/p>\n<p>Fins ara tota aquesta informaci\u00f3 estava integrada en el web\u00a0<a href=\"http:\/\/queestudiar.gencat.cat\/\" target=\"_blank\" rel=\"noopener noreferrer\" data-saferedirecturl=\"https:\/\/www.google.com\/url?q=http:\/\/queestudiar.gencat.cat\/&amp;source=gmail&amp;ust=1613818088862000&amp;usg=AFQjCNGCD0T0hN8giC3NKPZZxbTrPP_nyg\">Estudiar a Catalunya<\/a>, que est\u00e0 en proc\u00e9s de redisseny i reconceptualitzaci\u00f3 total per al primer trimestre de 2022.<\/p>\n<div>M\u00e9s endavant, actualitzarem la informaci\u00f3 sobre el nostre centre.<\/div>\n","protected":false},"excerpt":{"rendered":"<p>Preinscripci\u00f3 per als ensenyaments d\u2019Infantil i Prim\u00e0ria: del 15 al 24 de Mar\u00e7 (ambd\u00f3s inclosos).<br \/>\nEl\u00a0Departament d\u2019Educaci\u00f3\u00a0ha posat en marxa el nou web\u00a0<a href=\"https:\/\/preinscripcio.gencat.cat\/ca\/inici\/\" target=\"_blank\" rel=\"noopener noreferrer\" data-saferedirecturl=\"https:\/\/www.google.com\/url?q=https:\/\/preinscripcio.gencat.cat\/ca\/inici\/&amp;source=gmail&amp;ust=1613818088862000&amp;usg=AFQjCNFWqm5WDTHjF-9LoKJtfapgP-L11Q\">preinscripcio.gencat.cat<\/a>, que neix de la voluntat d\u2019acompanyar millor les fam\u00edlies durant el proc\u00e9s de preinscripci\u00f3 2021-2022 als ensenyaments obligatoris.<br \/>\nAquest&hellip;  <a href=\"https:\/\/agora.xtec.cat\/esc-teresabergada\/general\/preinscripcio-curs-21-22\/\" title=\"Read PREINSCRIPCI\u00d3 CURS 21-22\">Llegeix m\u00e9s\u00bb<\/a><\/p>\n","protected":false},"author":1,"featured_media":8829,"comment_status":"open","ping_status":"closed","sticky":false,"template":"","format":"standard","meta":{"_bbp_topic_count":0,"_bbp_reply_count":0,"_bbp_total_topic_count":0,"_bbp_total_reply_count":0,"_bbp_voice_count":0,"_bbp_anonymous_reply_count":0,"_bbp_topic_count_hidden":0,"_bbp_reply_count_hidden":0,"_bbp_forum_subforum_count":0,"footnotes":""},"categories":[1,4],"tags":[493],"class_list":["post-8828","post","type-post","status-publish","format-standard","has-post-thumbnail","hentry","category-general","category-portada","tag-preinscripcio"],"post_mailing_queue_ids":[],"_links":{"self":[{"href":"https:\/\/agora.xtec.cat\/esc-teresabergada\/wp-json\/wp\/v2\/posts\/8828","targetHints":{"allow":["GET"]}}],"collection":[{"href":"https:\/\/agora.xtec.cat\/esc-teresabergada\/wp-json\/wp\/v2\/posts"}],"about":[{"href":"https:\/\/agora.xtec.cat\/esc-teresabergada\/wp-json\/wp\/v2\/types\/post"}],"author":[{"embeddable":true,"href":"https:\/\/agora.xtec.cat\/esc-teresabergada\/wp-json\/wp\/v2\/users\/1"}],"replies":[{"embeddable":true,"href":"https:\/\/agora.xtec.cat\/esc-teresabergada\/wp-json\/wp\/v2\/comments?post=8828"}],"version-history":[{"count":3,"href":"https:\/\/agora.xtec.cat\/esc-teresabergada\/wp-json\/wp\/v2\/posts\/8828\/revisions"}],"predecessor-version":[{"id":9655,"href":"https:\/\/agora.xtec.cat\/esc-teresabergada\/wp-json\/wp\/v2\/posts\/8828\/revisions\/9655"}],"wp:featuredmedia":[{"embeddable":true,"href":"https:\/\/agora.xtec.cat\/esc-teresabergada\/wp-json\/wp\/v2\/media\/8829"}],"wp:attachment":[{"href":"https:\/\/agora.xtec.cat\/esc-teresabergada\/wp-json\/wp\/v2\/media?parent=8828"}],"wp:term":[{"taxonomy":"category","embeddable":true,"href":"https:\/\/agora.xtec.cat\/esc-teresabergada\/wp-json\/wp\/v2\/categories?post=8828"},{"taxonomy":"post_tag","embeddable":true,"href":"https:\/\/agora.xtec.cat\/esc-teresabergada\/wp-json\/wp\/v2\/tags?post=8828"}],"curies":[{"name":"wp","href":"https:\/\/api.w.org\/{rel}","templated":true}]}}