{"id":8763,"date":"2021-02-19T08:49:07","date_gmt":"2021-02-19T07:49:07","guid":{"rendered":"http:\/\/agora.xtec.cat\/esc-teresabergada\/?p=8763"},"modified":"2021-02-19T08:49:07","modified_gmt":"2021-02-19T07:49:07","slug":"la-linia-de-la-vida-del-quim-2","status":"publish","type":"post","link":"https:\/\/agora.xtec.cat\/esc-teresabergada\/infantil\/la-linia-de-la-vida-del-quim-2\/","title":{"rendered":"LA L\u00cdNIA DE LA VIDA DEL QUIM"},"content":{"rendered":"<p><a href=\"https:\/\/drive.google.com\/drive\/folders\/1pXhP6cehlDgl-s9xtBnrEo5wyNj7yjXX?usp=sharing\"><img loading=\"lazy\" decoding=\"async\" class=\"alignnone size-large wp-image-8752\" src=\"https:\/\/agora.xtec.cat\/esc-teresabergada\/wp-content\/uploads\/usu1533\/2021\/02\/Quim-1024x1024.png\" alt=\"\" width=\"1024\" height=\"1024\" \/><\/a><\/p>\n<p>&nbsp;<\/p>\n<p>Avui li ha tocat al Quim explicar-nos la seva l\u00ednia de la vida. Ens ha semblat molt interessant la manera en qu\u00e8 ho ha organitzat. L&#8217;any que va n\u00e9ixer per ell ha estat l&#8217;any 0, el 2017 \u00e9s l&#8217;any 1 i aix\u00ed successivament fins arribar a l&#8217;any 2020 que \u00e9s el seu any 4. Som-hi!<\/p>\n<p>El Quim va n\u00e9ixer al juny del 2016, l&#8217;any 0, i era un nad\u00f3 molt petitet, ens encanta veuren&#8217;s amb fotos dels primers dies de la nostra vida. Aquell estiu va anar per primera vegada a Miami, la seva platja preferida i tamb\u00e9 va guadir del primer Nadal amb el seu germ\u00e0 gran Pep i la seva cosina. Ja de ben petit li donava menjar a la soca, s\u00faper important perqu\u00e8 cagui molt! L&#8217;any 1 (2017) va comen\u00e7ar l&#8217;estiu fent el seu primer aniversari, i ens hem fixat que tenia molt poquetes dents, per aix\u00f2 quan som petits hem de menjar coses toves. L&#8217;estiu i el Nadal s\u00f3n, pel Quim, els esdeveniments m\u00e9s importants i emocionants. A l&#8217;any 2 (2018) va celebrar el seu segon aniversari, qu\u00e8 gran estava ja. Aquell Nadal va anar a Andorra i va entrar a una casa de xocolata, nyam! Ens ha agafat a tots molta gana&#8230;\u00a0 AL 2019, l&#8217;any 3, el Quim ens ha ensenyat una foto del seu aniversari tocant un viol\u00ed, li encanta la m\u00fasica!! L&#8217;any 4, al 2020, res li ha impedit gaudir i ser feli\u00e7, li van regalar un globus de 4 anys xul\u00edssim i va estiuejar a Miami.<\/p>\n<p>El Quim ha volgut posar la can\u00e7\u00f3 &#8220;De ellos aprend\u00ed&#8221; i com que ens la coneixem molt hem cantat a ple pulm\u00f3!<\/p>\n<p>Moltes gr\u00e0cies per compartir amb nosaltres tots aquests moments \u00fanics!!!<\/p>\n<p><em>Cliqueu a la imatge principal per veure m\u00e9s fotografies.<\/em><\/p>\n","protected":false},"excerpt":{"rendered":"<p><a href=\"https:\/\/drive.google.com\/drive\/folders\/1pXhP6cehlDgl-s9xtBnrEo5wyNj7yjXX?usp=sharing\"><\/a><br \/>\n&nbsp;<br \/>\nAvui li ha tocat al Quim explicar-nos la seva l\u00ednia de la vida. Ens ha semblat molt interessant la manera en qu\u00e8 ho ha organitzat. L&#8217;any que va n\u00e9ixer per ell ha estat l&#8217;any 0, el 2017 \u00e9s l&#8217;any 1 i aix\u00ed successivament fins&hellip;  <a href=\"https:\/\/agora.xtec.cat\/esc-teresabergada\/infantil\/la-linia-de-la-vida-del-quim-2\/\" title=\"Read LA L\u00cdNIA DE LA VIDA DEL QUIM\">Llegeix m\u00e9s\u00bb<\/a><\/p>\n","protected":false},"author":1,"featured_media":0,"comment_status":"open","ping_status":"closed","sticky":false,"template":"","format":"standard","meta":{"_bbp_topic_count":0,"_bbp_reply_count":0,"_bbp_total_topic_count":0,"_bbp_total_reply_count":0,"_bbp_voice_count":0,"_bbp_anonymous_reply_count":0,"_bbp_topic_count_hidden":0,"_bbp_reply_count_hidden":0,"_bbp_forum_subforum_count":0,"footnotes":""},"categories":[236,2],"tags":[],"class_list":["post-8763","post","type-post","status-publish","format-standard","hentry","category-i4","category-infantil"],"post_mailing_queue_ids":[],"_links":{"self":[{"href":"https:\/\/agora.xtec.cat\/esc-teresabergada\/wp-json\/wp\/v2\/posts\/8763","targetHints":{"allow":["GET"]}}],"collection":[{"href":"https:\/\/agora.xtec.cat\/esc-teresabergada\/wp-json\/wp\/v2\/posts"}],"about":[{"href":"https:\/\/agora.xtec.cat\/esc-teresabergada\/wp-json\/wp\/v2\/types\/post"}],"author":[{"embeddable":true,"href":"https:\/\/agora.xtec.cat\/esc-teresabergada\/wp-json\/wp\/v2\/users\/1"}],"replies":[{"embeddable":true,"href":"https:\/\/agora.xtec.cat\/esc-teresabergada\/wp-json\/wp\/v2\/comments?post=8763"}],"version-history":[{"count":1,"href":"https:\/\/agora.xtec.cat\/esc-teresabergada\/wp-json\/wp\/v2\/posts\/8763\/revisions"}],"predecessor-version":[{"id":8764,"href":"https:\/\/agora.xtec.cat\/esc-teresabergada\/wp-json\/wp\/v2\/posts\/8763\/revisions\/8764"}],"wp:attachment":[{"href":"https:\/\/agora.xtec.cat\/esc-teresabergada\/wp-json\/wp\/v2\/media?parent=8763"}],"wp:term":[{"taxonomy":"category","embeddable":true,"href":"https:\/\/agora.xtec.cat\/esc-teresabergada\/wp-json\/wp\/v2\/categories?post=8763"},{"taxonomy":"post_tag","embeddable":true,"href":"https:\/\/agora.xtec.cat\/esc-teresabergada\/wp-json\/wp\/v2\/tags?post=8763"}],"curies":[{"name":"wp","href":"https:\/\/api.w.org\/{rel}","templated":true}]}}