{"id":8740,"date":"2021-02-17T09:00:36","date_gmt":"2021-02-17T08:00:36","guid":{"rendered":"http:\/\/agora.xtec.cat\/esc-teresabergada\/?p=8740"},"modified":"2021-02-17T09:00:36","modified_gmt":"2021-02-17T08:00:36","slug":"la-linia-de-la-vida-de-la-blau","status":"publish","type":"post","link":"https:\/\/agora.xtec.cat\/esc-teresabergada\/infantil\/la-linia-de-la-vida-de-la-blau\/","title":{"rendered":"LA L\u00cdNIA DE LA VIDA DE LA BLAU"},"content":{"rendered":"<p><a href=\"https:\/\/drive.google.com\/drive\/folders\/1qWIkP5Cfms89BJFZF2UpB5K1DFb5cqhB?usp=sharing\"><img loading=\"lazy\" decoding=\"async\" class=\"alignnone size-large wp-image-8741\" src=\"https:\/\/agora.xtec.cat\/esc-teresabergada\/wp-content\/uploads\/usu1533\/2021\/02\/Blau-1024x1024.png\" alt=\"\" width=\"1024\" height=\"1024\" \/><\/a><\/p>\n<p>Ahir la Blau ens va explicar la seva l\u00ednia de la vida, en tenia moltes ganes, i es que ens encanten aquests moments tots junts.<\/p>\n<p>La Blau va n\u00e9ixer al juny del 2016, era molt petitona amb comparaci\u00f3 d&#8217;ara! Els primers mesos de vida la Blau va compartir sessions d&#8217;SPA amb el seu cosinet Biel i va ser la primera vegada de moltes coses, per exemple de les papilles. Ara diu que no li agraden gens! Al 2017 es va disfressar per primera vegada, de cranc i els seus pares de xefs, ens sembla que a la fam\u00edlia de la Blau els encanten les disfresses. Aquell estiu va celebrar el seu primer aniversari amb un past\u00eds de nata i maduixes i tots els seus amics i cosinets. L&#8217;any 2018 va ser molt especial per a la Blau, va n\u00e9ixer la seva germana Bruna i li va fer molta il\u00b7lusi\u00f3 convertir-se amb germana gran. Tamb\u00e9 va ser l&#8217;any de deixar els bolquers i aconseguir nous reptes. Al 2019 va anar per primera vegada a Port Aventura, i va ser s\u00faper divertit!! Tamb\u00e9 va compartir molts moments amb la Bruna i va comen\u00e7ar P3 a l&#8217;escola. El 2020 va ser un any diferent, on ens van confinar, per\u00f2 tamb\u00e9 va poder gaudir de moments especials com excursions a la muntanya i unes vacances a l&#8217;Ampolla, la platja preferida de la Blau.<\/p>\n<p>Per acabar hem ballat al ritme de la Shakira, tenim molta marxa!<\/p>\n<p>Moltes gr\u00e0cies Blau per compartir amb nosaltres la teva hist\u00f2ria de vida.<\/p>\n<p><em>Cliqueu la imatge principal per veure m\u00e9s fotografies.<\/em><\/p>\n","protected":false},"excerpt":{"rendered":"<p><a href=\"https:\/\/drive.google.com\/drive\/folders\/1qWIkP5Cfms89BJFZF2UpB5K1DFb5cqhB?usp=sharing\"><\/a><br \/>\nAhir la Blau ens va explicar la seva l\u00ednia de la vida, en tenia moltes ganes, i es que ens encanten aquests moments tots junts.<br \/>\nLa Blau va n\u00e9ixer al juny del 2016, era molt petitona amb comparaci\u00f3 d&#8217;ara! Els primers mesos de vida la&hellip;  <a href=\"https:\/\/agora.xtec.cat\/esc-teresabergada\/infantil\/la-linia-de-la-vida-de-la-blau\/\" title=\"Read LA L\u00cdNIA DE LA VIDA DE LA BLAU\">Llegeix m\u00e9s\u00bb<\/a><\/p>\n","protected":false},"author":1,"featured_media":0,"comment_status":"open","ping_status":"closed","sticky":false,"template":"","format":"standard","meta":{"_bbp_topic_count":0,"_bbp_reply_count":0,"_bbp_total_topic_count":0,"_bbp_total_reply_count":0,"_bbp_voice_count":0,"_bbp_anonymous_reply_count":0,"_bbp_topic_count_hidden":0,"_bbp_reply_count_hidden":0,"_bbp_forum_subforum_count":0,"footnotes":""},"categories":[236,2],"tags":[],"class_list":["post-8740","post","type-post","status-publish","format-standard","hentry","category-i4","category-infantil"],"post_mailing_queue_ids":[],"_links":{"self":[{"href":"https:\/\/agora.xtec.cat\/esc-teresabergada\/wp-json\/wp\/v2\/posts\/8740","targetHints":{"allow":["GET"]}}],"collection":[{"href":"https:\/\/agora.xtec.cat\/esc-teresabergada\/wp-json\/wp\/v2\/posts"}],"about":[{"href":"https:\/\/agora.xtec.cat\/esc-teresabergada\/wp-json\/wp\/v2\/types\/post"}],"author":[{"embeddable":true,"href":"https:\/\/agora.xtec.cat\/esc-teresabergada\/wp-json\/wp\/v2\/users\/1"}],"replies":[{"embeddable":true,"href":"https:\/\/agora.xtec.cat\/esc-teresabergada\/wp-json\/wp\/v2\/comments?post=8740"}],"version-history":[{"count":1,"href":"https:\/\/agora.xtec.cat\/esc-teresabergada\/wp-json\/wp\/v2\/posts\/8740\/revisions"}],"predecessor-version":[{"id":8742,"href":"https:\/\/agora.xtec.cat\/esc-teresabergada\/wp-json\/wp\/v2\/posts\/8740\/revisions\/8742"}],"wp:attachment":[{"href":"https:\/\/agora.xtec.cat\/esc-teresabergada\/wp-json\/wp\/v2\/media?parent=8740"}],"wp:term":[{"taxonomy":"category","embeddable":true,"href":"https:\/\/agora.xtec.cat\/esc-teresabergada\/wp-json\/wp\/v2\/categories?post=8740"},{"taxonomy":"post_tag","embeddable":true,"href":"https:\/\/agora.xtec.cat\/esc-teresabergada\/wp-json\/wp\/v2\/tags?post=8740"}],"curies":[{"name":"wp","href":"https:\/\/api.w.org\/{rel}","templated":true}]}}