{"id":8731,"date":"2021-02-17T22:23:06","date_gmt":"2021-02-17T21:23:06","guid":{"rendered":"http:\/\/agora.xtec.cat\/esc-teresabergada\/?p=8731"},"modified":"2021-02-17T22:23:06","modified_gmt":"2021-02-17T21:23:06","slug":"la-capsa-de-vida-de-labril","status":"publish","type":"post","link":"https:\/\/agora.xtec.cat\/esc-teresabergada\/infantil\/i3\/la-capsa-de-vida-de-labril\/","title":{"rendered":"La Capsa de vida de l&#8217;Abril"},"content":{"rendered":"<p style=\"text-align: center\"><a href=\"https:\/\/drive.google.com\/drive\/folders\/1nxyf2-Tg0l41OjfuLm3XV9Ribe5SKCnS?usp=sharing\"><img loading=\"lazy\" decoding=\"async\" class=\"alignnone wp-image-8732\" src=\"https:\/\/agora.xtec.cat\/esc-teresabergada\/wp-content\/uploads\/usu1533\/2021\/02\/ABRIL-1024x819.jpg\" alt=\"\" width=\"526\" height=\"421\" srcset=\"https:\/\/agora.xtec.cat\/esc-teresabergada\/wp-content\/uploads\/usu1533\/2021\/02\/ABRIL-1024x819.jpg 1024w, https:\/\/agora.xtec.cat\/esc-teresabergada\/wp-content\/uploads\/usu1533\/2021\/02\/ABRIL-300x240.jpg 300w, https:\/\/agora.xtec.cat\/esc-teresabergada\/wp-content\/uploads\/usu1533\/2021\/02\/ABRIL-768x614.jpg 768w, https:\/\/agora.xtec.cat\/esc-teresabergada\/wp-content\/uploads\/usu1533\/2021\/02\/ABRIL.jpg 2000w\" sizes=\"auto, (max-width: 526px) 100vw, 526px\" \/><\/a><\/p>\n<p>Per acabar les exposicions de Capses de vida de la setmana de Carnestoltes, ens l&#8217;ha presentat l&#8217;Abril. Una capsa amb el nom d&#8217;Abril, escrit per ella mateixa. A sota de la tapa un dibuix preci\u00f3s de tota la fam\u00edlia. Ella tota feta emoci\u00f3 per mostrar-nos els seus tresors.<\/p>\n<p>Ens va treure tot un conjunt de jersei i pantal\u00f3, de gorro, pe\u00fccs i dos parells de manyoples, tot de recent nascuda. Tamb\u00e9 va incloure un bolquer petit que, amb la resta de la roba, li vam posar a la nina. A ella s\u00ed que li anava b\u00e9. Tamb\u00e9 ens va portar dos peluixos molt importants per ella, la gosseta Lola i una gateta que fa petonets al seu fillet. De fet, l&#8217;Abril mateix ens va ensenyar com li feia els petons.<\/p>\n<p>Ens va donar una bona sorpresa amb un lapbook fet amb fotos des qu\u00e8 que estava a la panxa de la mare, al costat del pare i de la Mar, fins que va ser una nad\u00f3. No cal dir que li va encantar mostrar-nos el lapbook fet amb un acabament de cor. Al fons de la capsa hi havia una fotografia de l&#8217;Abril al costat de la robeta que ens va portar,\u00a0 dient-nos que se l&#8217;havia intentat emprovar per\u00f2 ja es va adonar que havia crescut molt\u00edssim. A la part del darrera hi havien escrit totes les dades del pes i llargada del naixement i la mesura actual. Quan vam llegir que l&#8217;Abril feia 1 metre, vam buscar un metre a l&#8217;escola i ens vam comen\u00e7ar a mesurar, &#8220;m\u00e9s d&#8217;un metre o menys d&#8217;un metre&#8221;. Ja ens hem fet nostre el metre i l&#8217;hem penjat a la paret.<\/p>\n<p>Moltes gr\u00e0cies a la fam\u00edlia per tan bona preparaci\u00f3 i les notes aclaridores. I a l&#8217;Abril tamb\u00e9 perqu\u00e8 ho va fer genial.<\/p>\n<p><em>Si voleu veure les fotos, cliqueu a la <strong>fotografia principal<\/strong>.<\/em><\/p>\n","protected":false},"excerpt":{"rendered":"<p><a href=\"https:\/\/drive.google.com\/drive\/folders\/1nxyf2-Tg0l41OjfuLm3XV9Ribe5SKCnS?usp=sharing\"><\/a><br \/>\nPer acabar les exposicions de Capses de vida de la setmana de Carnestoltes, ens l&#8217;ha presentat l&#8217;Abril. Una capsa amb el nom d&#8217;Abril, escrit per ella mateixa. A sota de la tapa un dibuix preci\u00f3s de tota la fam\u00edlia. Ella tota feta emoci\u00f3 per&hellip;  <a href=\"https:\/\/agora.xtec.cat\/esc-teresabergada\/infantil\/i3\/la-capsa-de-vida-de-labril\/\" title=\"Read La Capsa de vida de l&#8217;Abril\">Llegeix m\u00e9s\u00bb<\/a><\/p>\n","protected":false},"author":12,"featured_media":8732,"comment_status":"open","ping_status":"closed","sticky":false,"template":"","format":"standard","meta":{"_bbp_topic_count":0,"_bbp_reply_count":0,"_bbp_total_topic_count":0,"_bbp_total_reply_count":0,"_bbp_voice_count":0,"_bbp_anonymous_reply_count":0,"_bbp_topic_count_hidden":0,"_bbp_reply_count_hidden":0,"_bbp_forum_subforum_count":0,"footnotes":""},"categories":[515],"tags":[317,121],"class_list":["post-8731","post","type-post","status-publish","format-standard","has-post-thumbnail","hentry","category-i3","tag-capses-de-vida","tag-educacio-infantil"],"post_mailing_queue_ids":[],"_links":{"self":[{"href":"https:\/\/agora.xtec.cat\/esc-teresabergada\/wp-json\/wp\/v2\/posts\/8731","targetHints":{"allow":["GET"]}}],"collection":[{"href":"https:\/\/agora.xtec.cat\/esc-teresabergada\/wp-json\/wp\/v2\/posts"}],"about":[{"href":"https:\/\/agora.xtec.cat\/esc-teresabergada\/wp-json\/wp\/v2\/types\/post"}],"author":[{"embeddable":true,"href":"https:\/\/agora.xtec.cat\/esc-teresabergada\/wp-json\/wp\/v2\/users\/12"}],"replies":[{"embeddable":true,"href":"https:\/\/agora.xtec.cat\/esc-teresabergada\/wp-json\/wp\/v2\/comments?post=8731"}],"version-history":[{"count":3,"href":"https:\/\/agora.xtec.cat\/esc-teresabergada\/wp-json\/wp\/v2\/posts\/8731\/revisions"}],"predecessor-version":[{"id":8747,"href":"https:\/\/agora.xtec.cat\/esc-teresabergada\/wp-json\/wp\/v2\/posts\/8731\/revisions\/8747"}],"wp:featuredmedia":[{"embeddable":true,"href":"https:\/\/agora.xtec.cat\/esc-teresabergada\/wp-json\/wp\/v2\/media\/8732"}],"wp:attachment":[{"href":"https:\/\/agora.xtec.cat\/esc-teresabergada\/wp-json\/wp\/v2\/media?parent=8731"}],"wp:term":[{"taxonomy":"category","embeddable":true,"href":"https:\/\/agora.xtec.cat\/esc-teresabergada\/wp-json\/wp\/v2\/categories?post=8731"},{"taxonomy":"post_tag","embeddable":true,"href":"https:\/\/agora.xtec.cat\/esc-teresabergada\/wp-json\/wp\/v2\/tags?post=8731"}],"curies":[{"name":"wp","href":"https:\/\/api.w.org\/{rel}","templated":true}]}}