{"id":8728,"date":"2021-02-17T07:21:26","date_gmt":"2021-02-17T06:21:26","guid":{"rendered":"http:\/\/agora.xtec.cat\/esc-teresabergada\/?p=8728"},"modified":"2021-02-17T07:21:26","modified_gmt":"2021-02-17T06:21:26","slug":"la-capsa-de-vida-de-la-samina","status":"publish","type":"post","link":"https:\/\/agora.xtec.cat\/esc-teresabergada\/infantil\/i3\/la-capsa-de-vida-de-la-samina\/","title":{"rendered":"La Capsa de vida de la Samina"},"content":{"rendered":"<p style=\"text-align: center\"><a href=\"https:\/\/drive.google.com\/drive\/folders\/1VLc-MuhswVmn1_J5z4iWc_VFlpd6Wv3C?usp=sharing\"><img loading=\"lazy\" decoding=\"async\" class=\"wp-image-8729 aligncenter\" src=\"https:\/\/agora.xtec.cat\/esc-teresabergada\/wp-content\/uploads\/usu1533\/2021\/02\/SAMINA-1024x819.jpg\" alt=\"\" width=\"510\" height=\"408\" srcset=\"https:\/\/agora.xtec.cat\/esc-teresabergada\/wp-content\/uploads\/usu1533\/2021\/02\/SAMINA-1024x819.jpg 1024w, https:\/\/agora.xtec.cat\/esc-teresabergada\/wp-content\/uploads\/usu1533\/2021\/02\/SAMINA-300x240.jpg 300w, https:\/\/agora.xtec.cat\/esc-teresabergada\/wp-content\/uploads\/usu1533\/2021\/02\/SAMINA-768x614.jpg 768w, https:\/\/agora.xtec.cat\/esc-teresabergada\/wp-content\/uploads\/usu1533\/2021\/02\/SAMINA.jpg 2000w\" sizes=\"auto, (max-width: 510px) 100vw, 510px\" \/><\/a><\/p>\n<p>La dol\u00e7a Samina ens va presentar la seva Capsa de vida amb tanta il\u00b7lusi\u00f3 que la seva mirada ho deia tot. Una capsa decorada amb dibuixos de cors i estrelles, amb fotografies i acompanyada d&#8217;un escrit orientatiu.<\/p>\n<p>La nina que m\u00e9s li agrada, des de ben petita, ens la va mostrar mentre de tant en tant l&#8217;abra\u00e7ava amb for\u00e7a. Una nina ben cuidada, toveta i amb un punt de vellut . El seu gorro, tamb\u00e9 preferit, decorat amb uns ulls de mussol adormit que, tot i provar-ho, no li acabava d&#8217;anar b\u00e9. El pitet amb el seu nom brodat i amb una papallona- animal preferit, tamb\u00e9 se&#8217;l va emprovar per\u00f2 es veia de petita. Aleshores la cinta decorada amb floretes que va ser la primera que es va posar per anar ben mudada. I, finalment, dos ninots de &#8220;La patrulla canina&#8221;, el personatge del Chase concretament, que anava ensenyant amb una rialla de pam a pam.<\/p>\n<p>S&#8217;agraeix la nota explicativa de la fam\u00edlia. La il\u00b7lusi\u00f3 d&#8217;un nen \u00e9s encomanadissa i la Samina ens la va saber transmetre.<\/p>\n<p><em>Podeu clicar a la f<strong>otografia principal<\/strong> per veure altres fotos.<\/em><\/p>\n","protected":false},"excerpt":{"rendered":"<p><a href=\"https:\/\/drive.google.com\/drive\/folders\/1VLc-MuhswVmn1_J5z4iWc_VFlpd6Wv3C?usp=sharing\"><\/a><br \/>\nLa dol\u00e7a Samina ens va presentar la seva Capsa de vida amb tanta il\u00b7lusi\u00f3 que la seva mirada ho deia tot. Una capsa decorada amb dibuixos de cors i estrelles, amb fotografies i acompanyada d&#8217;un escrit orientatiu.<br \/>\nLa nina que m\u00e9s li agrada, des de&hellip;  <a href=\"https:\/\/agora.xtec.cat\/esc-teresabergada\/infantil\/i3\/la-capsa-de-vida-de-la-samina\/\" title=\"Read La Capsa de vida de la Samina\">Llegeix m\u00e9s\u00bb<\/a><\/p>\n","protected":false},"author":12,"featured_media":8729,"comment_status":"open","ping_status":"closed","sticky":false,"template":"","format":"standard","meta":{"_bbp_topic_count":0,"_bbp_reply_count":0,"_bbp_total_topic_count":0,"_bbp_total_reply_count":0,"_bbp_voice_count":0,"_bbp_anonymous_reply_count":0,"_bbp_topic_count_hidden":0,"_bbp_reply_count_hidden":0,"_bbp_forum_subforum_count":0,"footnotes":""},"categories":[515],"tags":[317,121],"class_list":["post-8728","post","type-post","status-publish","format-standard","has-post-thumbnail","hentry","category-i3","tag-capses-de-vida","tag-educacio-infantil"],"post_mailing_queue_ids":[],"_links":{"self":[{"href":"https:\/\/agora.xtec.cat\/esc-teresabergada\/wp-json\/wp\/v2\/posts\/8728","targetHints":{"allow":["GET"]}}],"collection":[{"href":"https:\/\/agora.xtec.cat\/esc-teresabergada\/wp-json\/wp\/v2\/posts"}],"about":[{"href":"https:\/\/agora.xtec.cat\/esc-teresabergada\/wp-json\/wp\/v2\/types\/post"}],"author":[{"embeddable":true,"href":"https:\/\/agora.xtec.cat\/esc-teresabergada\/wp-json\/wp\/v2\/users\/12"}],"replies":[{"embeddable":true,"href":"https:\/\/agora.xtec.cat\/esc-teresabergada\/wp-json\/wp\/v2\/comments?post=8728"}],"version-history":[{"count":3,"href":"https:\/\/agora.xtec.cat\/esc-teresabergada\/wp-json\/wp\/v2\/posts\/8728\/revisions"}],"predecessor-version":[{"id":8738,"href":"https:\/\/agora.xtec.cat\/esc-teresabergada\/wp-json\/wp\/v2\/posts\/8728\/revisions\/8738"}],"wp:featuredmedia":[{"embeddable":true,"href":"https:\/\/agora.xtec.cat\/esc-teresabergada\/wp-json\/wp\/v2\/media\/8729"}],"wp:attachment":[{"href":"https:\/\/agora.xtec.cat\/esc-teresabergada\/wp-json\/wp\/v2\/media?parent=8728"}],"wp:term":[{"taxonomy":"category","embeddable":true,"href":"https:\/\/agora.xtec.cat\/esc-teresabergada\/wp-json\/wp\/v2\/categories?post=8728"},{"taxonomy":"post_tag","embeddable":true,"href":"https:\/\/agora.xtec.cat\/esc-teresabergada\/wp-json\/wp\/v2\/tags?post=8728"}],"curies":[{"name":"wp","href":"https:\/\/api.w.org\/{rel}","templated":true}]}}