{"id":8724,"date":"2021-02-16T22:12:21","date_gmt":"2021-02-16T21:12:21","guid":{"rendered":"http:\/\/agora.xtec.cat\/esc-teresabergada\/?p=8724"},"modified":"2021-02-16T22:12:21","modified_gmt":"2021-02-16T21:12:21","slug":"la-capsa-de-vida-de-lanays","status":"publish","type":"post","link":"https:\/\/agora.xtec.cat\/esc-teresabergada\/infantil\/i3\/la-capsa-de-vida-de-lanays\/","title":{"rendered":"La Capsa de vida de l&#8217;Anays"},"content":{"rendered":"<p>&nbsp;<\/p>\n<p><a href=\"https:\/\/drive.google.com\/drive\/folders\/11b-2IeFPiXV1yVguAT1iKJwe3t426XxC?usp=sharing\"><img loading=\"lazy\" decoding=\"async\" class=\" wp-image-8734 aligncenter\" src=\"https:\/\/agora.xtec.cat\/esc-teresabergada\/wp-content\/uploads\/usu1533\/2021\/02\/ANAYS-1-1024x819.jpg\" alt=\"\" width=\"531\" height=\"425\" srcset=\"https:\/\/agora.xtec.cat\/esc-teresabergada\/wp-content\/uploads\/usu1533\/2021\/02\/ANAYS-1-1024x819.jpg 1024w, https:\/\/agora.xtec.cat\/esc-teresabergada\/wp-content\/uploads\/usu1533\/2021\/02\/ANAYS-1-300x240.jpg 300w, https:\/\/agora.xtec.cat\/esc-teresabergada\/wp-content\/uploads\/usu1533\/2021\/02\/ANAYS-1-768x614.jpg 768w, https:\/\/agora.xtec.cat\/esc-teresabergada\/wp-content\/uploads\/usu1533\/2021\/02\/ANAYS-1.jpg 2000w\" sizes=\"auto, (max-width: 531px) 100vw, 531px\" \/><\/a><\/p>\n<p>La setmana de Carnestoltes, la vam iniciar amb la Capsa de vida de l&#8217;Anays. Una capsa molt decorada amb un paper roig i piquets blancs, estil Minnie Mouse, foto d&#8217;ella disfressada de Minnie i dibuixets que\u00a0 li agraden, juntament amb el nom tamb\u00e9 dibuixat. Una capsa ben vistosa i personal.<\/p>\n<p>L&#8217;Anays estava molt contenta perqu\u00e8 era un dia especial, amb el cap pintat de\u00a0 color roig i la seva capsa de la Minnie ja no li calia res m\u00e9s. Tot el seu contingut eren objectes de quan era molt petita, de recent nascuda sobretot. El seu peluix preferit, amb forma d&#8217;elefant, que quan el movia t&#8217;adonaves que era un sonall molt divertit. Un gorret petit que ja no feia la seva mida, perqu\u00e8 l&#8217;Anays tamb\u00e9 ha crescut molt des qu\u00e8 va n\u00e9ixer. La seva primera roba de naixement i els pe\u00fccs tampoc li anaven gens b\u00e9, per\u00f2 va gaudir molt mentre ho ensenyava a tota la classe. Finalment, ens va treure tot un conjunt t\u00edpic de Romania, molt colorit\u00a0 format per mocador, brusa, xalec i davantal. Per molt que ens vam esfor\u00e7ar a posar-se\u00a0 totes les peces, tal com hem dit al principi, tot era molt petiiiiit.<\/p>\n<p>Agra\u00efts a la fam\u00edlia per l&#8217;esfor\u00e7 d&#8217;explicar-nos, per escrit, el significat d&#8217;aquests objectes especials per l&#8217;Anays.<\/p>\n<p><em>Clicant la <strong>imatge principal<\/strong> podreu veure les imatges de l&#8217;exposici\u00f3.<\/em><\/p>\n","protected":false},"excerpt":{"rendered":"<p>&nbsp;<br \/>\n<a href=\"https:\/\/drive.google.com\/drive\/folders\/11b-2IeFPiXV1yVguAT1iKJwe3t426XxC?usp=sharing\"><\/a><br \/>\nLa setmana de Carnestoltes, la vam iniciar amb la Capsa de vida de l&#8217;Anays. Una capsa molt decorada amb un paper roig i piquets blancs, estil Minnie Mouse, foto d&#8217;ella disfressada de Minnie i dibuixets que\u00a0 li agraden, juntament amb el nom tamb\u00e9 dibuixat.&hellip;  <a href=\"https:\/\/agora.xtec.cat\/esc-teresabergada\/infantil\/i3\/la-capsa-de-vida-de-lanays\/\" title=\"Read La Capsa de vida de l&#8217;Anays\">Llegeix m\u00e9s\u00bb<\/a><\/p>\n","protected":false},"author":12,"featured_media":8734,"comment_status":"open","ping_status":"closed","sticky":false,"template":"","format":"standard","meta":{"_bbp_topic_count":0,"_bbp_reply_count":0,"_bbp_total_topic_count":0,"_bbp_total_reply_count":0,"_bbp_voice_count":0,"_bbp_anonymous_reply_count":0,"_bbp_topic_count_hidden":0,"_bbp_reply_count_hidden":0,"_bbp_forum_subforum_count":0,"footnotes":""},"categories":[515],"tags":[317,121],"class_list":["post-8724","post","type-post","status-publish","format-standard","has-post-thumbnail","hentry","category-i3","tag-capses-de-vida","tag-educacio-infantil"],"post_mailing_queue_ids":[],"_links":{"self":[{"href":"https:\/\/agora.xtec.cat\/esc-teresabergada\/wp-json\/wp\/v2\/posts\/8724","targetHints":{"allow":["GET"]}}],"collection":[{"href":"https:\/\/agora.xtec.cat\/esc-teresabergada\/wp-json\/wp\/v2\/posts"}],"about":[{"href":"https:\/\/agora.xtec.cat\/esc-teresabergada\/wp-json\/wp\/v2\/types\/post"}],"author":[{"embeddable":true,"href":"https:\/\/agora.xtec.cat\/esc-teresabergada\/wp-json\/wp\/v2\/users\/12"}],"replies":[{"embeddable":true,"href":"https:\/\/agora.xtec.cat\/esc-teresabergada\/wp-json\/wp\/v2\/comments?post=8724"}],"version-history":[{"count":3,"href":"https:\/\/agora.xtec.cat\/esc-teresabergada\/wp-json\/wp\/v2\/posts\/8724\/revisions"}],"predecessor-version":[{"id":8736,"href":"https:\/\/agora.xtec.cat\/esc-teresabergada\/wp-json\/wp\/v2\/posts\/8724\/revisions\/8736"}],"wp:featuredmedia":[{"embeddable":true,"href":"https:\/\/agora.xtec.cat\/esc-teresabergada\/wp-json\/wp\/v2\/media\/8734"}],"wp:attachment":[{"href":"https:\/\/agora.xtec.cat\/esc-teresabergada\/wp-json\/wp\/v2\/media?parent=8724"}],"wp:term":[{"taxonomy":"category","embeddable":true,"href":"https:\/\/agora.xtec.cat\/esc-teresabergada\/wp-json\/wp\/v2\/categories?post=8724"},{"taxonomy":"post_tag","embeddable":true,"href":"https:\/\/agora.xtec.cat\/esc-teresabergada\/wp-json\/wp\/v2\/tags?post=8724"}],"curies":[{"name":"wp","href":"https:\/\/api.w.org\/{rel}","templated":true}]}}