{"id":8715,"date":"2021-02-16T09:59:55","date_gmt":"2021-02-16T08:59:55","guid":{"rendered":"http:\/\/agora.xtec.cat\/esc-teresabergada\/?p=8715"},"modified":"2021-02-16T10:10:57","modified_gmt":"2021-02-16T09:10:57","slug":"18e-premi-pilarin-bayes","status":"publish","type":"post","link":"https:\/\/agora.xtec.cat\/esc-teresabergada\/portada\/18e-premi-pilarin-bayes\/","title":{"rendered":"18\u00e8. Premi Pilar\u00edn Bay\u00e9s"},"content":{"rendered":"<p style=\"text-align: justify;\"><span style=\"font-weight: 400;\">Totes i tots podr\u00edem escriure experi\u00e8ncies, an\u00e8cdotes, somnis que hem tingut durant el temps de confinament, oi?? \u00c9s aix\u00ed com el <strong>18<\/strong><\/span><b>\u00e8. Premi Pilar\u00edn Bay\u00e9s de contes escrits per nens i nenes<\/b><span style=\"font-weight: 400;\"> ens conviden a escriure un conte envers la seg\u00fcent tem\u00e0tica: <\/span><b>el confinament<\/b><span style=\"font-weight: 400;\">.<\/span><\/p>\n<p style=\"text-align: justify;\"><span style=\"font-weight: 400;\">Alguns dels nostres alumnes de cicle superior han volgut participar-hi en representaci\u00f3 de la nostra escola. Molta sort a totes i tots els participants!<\/span><\/p>\n<p><a href=\"https:\/\/agora.xtec.cat\/esc-teresabergada\/wp-content\/uploads\/usu1533\/2021\/02\/Foto-grup_opt.png\"><img loading=\"lazy\" decoding=\"async\" class=\"size-full wp-image-8717 aligncenter\" src=\"https:\/\/agora.xtec.cat\/esc-teresabergada\/wp-content\/uploads\/usu1533\/2021\/02\/Foto-grup_opt.png\" alt=\"\" width=\"400\" height=\"400\" \/><\/a><\/p>\n<p style=\"text-align: justify;\"><span style=\"font-weight: 400;\">Ah!! I no us oblideu d\u2019estar ben atents al <\/span><b>dia 23 d\u2019abril<\/b><span style=\"font-weight: 400;\">, el dia de sant Jordi! Doncs en aquesta data tan assenyalada, en que l\u2019olor a llibres impregna tot el que ens envolta, <\/span><b>es revelar\u00e0 el nom dels guanyadors i guanyadores del concurs<\/b><span style=\"font-weight: 400;\">.<\/span><\/p>\n<p style=\"text-align: justify;\"><span style=\"font-weight: 400;\">Ja per acabar, us convidem a escoltar, de la m\u00e0 de cares conegudes, algun dels <\/span><a href=\"https:\/\/youtube.com\/playlist?list=PLwWk4FLQcxZec-1xfkbNmi8-gVTWuvlHi\"><span style=\"font-weight: 400;\">contes guanyadors de l\u2019edici\u00f3 anterior; <\/span><\/a>e<span style=\"font-weight: 400;\">sperem que en gaudiu en fam\u00edlia.<\/span><\/p>\n","protected":false},"excerpt":{"rendered":"<p>Totes i tots podr\u00edem escriure experi\u00e8ncies, an\u00e8cdotes, somnis que hem tingut durant el temps de confinament, oi?? \u00c9s aix\u00ed com el 18\u00e8. Premi Pilar\u00edn Bay\u00e9s de contes escrits per nens i nenes ens conviden a escriure un conte envers la seg\u00fcent tem\u00e0tica: el confinament.<br \/>\nAlguns dels&hellip;  <a href=\"https:\/\/agora.xtec.cat\/esc-teresabergada\/portada\/18e-premi-pilarin-bayes\/\" title=\"Read 18\u00e8. Premi Pilar\u00edn Bay\u00e9s\">Llegeix m\u00e9s\u00bb<\/a><\/p>\n","protected":false},"author":1,"featured_media":8716,"comment_status":"open","ping_status":"closed","sticky":false,"template":"","format":"standard","meta":{"_bbp_topic_count":0,"_bbp_reply_count":0,"_bbp_total_topic_count":0,"_bbp_total_reply_count":0,"_bbp_voice_count":0,"_bbp_anonymous_reply_count":0,"_bbp_topic_count_hidden":0,"_bbp_reply_count_hidden":0,"_bbp_forum_subforum_count":0,"footnotes":""},"categories":[4],"tags":[],"class_list":["post-8715","post","type-post","status-publish","format-standard","has-post-thumbnail","hentry","category-portada"],"post_mailing_queue_ids":[],"_links":{"self":[{"href":"https:\/\/agora.xtec.cat\/esc-teresabergada\/wp-json\/wp\/v2\/posts\/8715","targetHints":{"allow":["GET"]}}],"collection":[{"href":"https:\/\/agora.xtec.cat\/esc-teresabergada\/wp-json\/wp\/v2\/posts"}],"about":[{"href":"https:\/\/agora.xtec.cat\/esc-teresabergada\/wp-json\/wp\/v2\/types\/post"}],"author":[{"embeddable":true,"href":"https:\/\/agora.xtec.cat\/esc-teresabergada\/wp-json\/wp\/v2\/users\/1"}],"replies":[{"embeddable":true,"href":"https:\/\/agora.xtec.cat\/esc-teresabergada\/wp-json\/wp\/v2\/comments?post=8715"}],"version-history":[{"count":2,"href":"https:\/\/agora.xtec.cat\/esc-teresabergada\/wp-json\/wp\/v2\/posts\/8715\/revisions"}],"predecessor-version":[{"id":8719,"href":"https:\/\/agora.xtec.cat\/esc-teresabergada\/wp-json\/wp\/v2\/posts\/8715\/revisions\/8719"}],"wp:featuredmedia":[{"embeddable":true,"href":"https:\/\/agora.xtec.cat\/esc-teresabergada\/wp-json\/wp\/v2\/media\/8716"}],"wp:attachment":[{"href":"https:\/\/agora.xtec.cat\/esc-teresabergada\/wp-json\/wp\/v2\/media?parent=8715"}],"wp:term":[{"taxonomy":"category","embeddable":true,"href":"https:\/\/agora.xtec.cat\/esc-teresabergada\/wp-json\/wp\/v2\/categories?post=8715"},{"taxonomy":"post_tag","embeddable":true,"href":"https:\/\/agora.xtec.cat\/esc-teresabergada\/wp-json\/wp\/v2\/tags?post=8715"}],"curies":[{"name":"wp","href":"https:\/\/api.w.org\/{rel}","templated":true}]}}