{"id":8610,"date":"2021-02-11T20:28:06","date_gmt":"2021-02-11T19:28:06","guid":{"rendered":"http:\/\/agora.xtec.cat\/esc-teresabergada\/?p=8610"},"modified":"2021-02-11T20:32:49","modified_gmt":"2021-02-11T19:32:49","slug":"la-linia-de-la-vida-de-la-jana","status":"publish","type":"post","link":"https:\/\/agora.xtec.cat\/esc-teresabergada\/infantil\/la-linia-de-la-vida-de-la-jana\/","title":{"rendered":"LA L\u00cdNIA DE LA VIDA DE LA JANA"},"content":{"rendered":"<p><a href=\"https:\/\/drive.google.com\/drive\/folders\/1-lqUlNV58okCTIwclcni5roL1Zsl6IJM?usp=sharing\"><img loading=\"lazy\" decoding=\"async\" class=\"alignnone size-large wp-image-8611\" src=\"https:\/\/agora.xtec.cat\/esc-teresabergada\/wp-content\/uploads\/usu1533\/2021\/02\/Jana-1024x1024.png\" alt=\"\" width=\"1024\" height=\"1024\" \/><\/a><\/p>\n<p>Seguim amb el projecte de la L\u00ednia de la vida i avui la Jana ens ha explicat les seves experi\u00e8ncies.\u00a0Hem aprofitat que \u00e9s un dia especial per ella, avui fa 5 anys! Aix\u00ed que li hem donat el protagonisme que es mereix.<\/p>\n<p>Ens ha agradat molt el v\u00eddeo que ha preparat i ens ha explicat moltes cosetes sobre la seva vida. La Jana, com tots els nens i nenes de la classe, va n\u00e9ixer al 2016. El seu primer Nadal va ser tota una experi\u00e8ncia, i es va fer una sessi\u00f3 de fotos vestida de Pare Noela on tots hem coincidit amb qu\u00e8 estava molt bonica! Al 2017 va celebrar el seu primer aniversari amb un past\u00eds de maduixes i nata que feia una pinta deliciosa i va anar a buscar la soca per primera vegada. L&#8217;any 2018 tenia un gran regal per a la Jana, va n\u00e9ixer la seva germaneta \u00c0neu per viure mil aventures juntes! Ens ha ensenyat tamb\u00e9 les firetes de la festa major d&#8217;Alguaire i la celebraci\u00f3 del segon aniversari, amb una corona i un globus ben originals! Al 2018 la Jana es va disfressar de pirata i a l&#8217;estiu es va casar la seva tieta Laura, i ella i l&#8217;\u00c0neu es van posar un vestit blanc molt bonic per acompanyar-la. Ens ha explicat que ara la tieta est\u00e0 a punt de tenir dos cosinets, el Max i el Pol i que ja t\u00e9 moltes ganes de veure\u2019ls per primer vegada i jugar amb ells, quina sort tindran. Aquell any tamb\u00e9 va comen\u00e7ar a l&#8217;escola dels grans! Del 2020 la Jana es queda amb el carnaval tan divertit que van preparar disfressant-se de Buzz i dels moments d&#8217;estiu, les vacances i la platja.<\/p>\n<p>Per acabar hem ballat al ritme de la can\u00e7\u00f3 de &#8220;La Sirenita&#8221;. Molt\u00edssimes gr\u00e0cies Jana per compartit tot aix\u00f2 amb nosaltres!!<\/p>\n<p><em>Cliqueu a la imatge principal per veure m\u00e9s fotografies.<\/em><\/p>\n","protected":false},"excerpt":{"rendered":"<p><a href=\"https:\/\/drive.google.com\/drive\/folders\/1-lqUlNV58okCTIwclcni5roL1Zsl6IJM?usp=sharing\"><\/a><br \/>\nSeguim amb el projecte de la L\u00ednia de la vida i avui la Jana ens ha explicat les seves experi\u00e8ncies.\u00a0Hem aprofitat que \u00e9s un dia especial per ella, avui fa 5 anys! Aix\u00ed que li hem donat el protagonisme que es mereix.<br \/>\nEns ha agradat&hellip;  <a href=\"https:\/\/agora.xtec.cat\/esc-teresabergada\/infantil\/la-linia-de-la-vida-de-la-jana\/\" title=\"Read LA L\u00cdNIA DE LA VIDA DE LA JANA\">Llegeix m\u00e9s\u00bb<\/a><\/p>\n","protected":false},"author":1,"featured_media":0,"comment_status":"open","ping_status":"closed","sticky":false,"template":"","format":"standard","meta":{"_bbp_topic_count":0,"_bbp_reply_count":0,"_bbp_total_topic_count":0,"_bbp_total_reply_count":0,"_bbp_voice_count":0,"_bbp_anonymous_reply_count":0,"_bbp_topic_count_hidden":0,"_bbp_reply_count_hidden":0,"_bbp_forum_subforum_count":0,"footnotes":""},"categories":[236,2],"tags":[],"class_list":["post-8610","post","type-post","status-publish","format-standard","hentry","category-i4","category-infantil"],"post_mailing_queue_ids":[],"_links":{"self":[{"href":"https:\/\/agora.xtec.cat\/esc-teresabergada\/wp-json\/wp\/v2\/posts\/8610","targetHints":{"allow":["GET"]}}],"collection":[{"href":"https:\/\/agora.xtec.cat\/esc-teresabergada\/wp-json\/wp\/v2\/posts"}],"about":[{"href":"https:\/\/agora.xtec.cat\/esc-teresabergada\/wp-json\/wp\/v2\/types\/post"}],"author":[{"embeddable":true,"href":"https:\/\/agora.xtec.cat\/esc-teresabergada\/wp-json\/wp\/v2\/users\/1"}],"replies":[{"embeddable":true,"href":"https:\/\/agora.xtec.cat\/esc-teresabergada\/wp-json\/wp\/v2\/comments?post=8610"}],"version-history":[{"count":2,"href":"https:\/\/agora.xtec.cat\/esc-teresabergada\/wp-json\/wp\/v2\/posts\/8610\/revisions"}],"predecessor-version":[{"id":8615,"href":"https:\/\/agora.xtec.cat\/esc-teresabergada\/wp-json\/wp\/v2\/posts\/8610\/revisions\/8615"}],"wp:attachment":[{"href":"https:\/\/agora.xtec.cat\/esc-teresabergada\/wp-json\/wp\/v2\/media?parent=8610"}],"wp:term":[{"taxonomy":"category","embeddable":true,"href":"https:\/\/agora.xtec.cat\/esc-teresabergada\/wp-json\/wp\/v2\/categories?post=8610"},{"taxonomy":"post_tag","embeddable":true,"href":"https:\/\/agora.xtec.cat\/esc-teresabergada\/wp-json\/wp\/v2\/tags?post=8610"}],"curies":[{"name":"wp","href":"https:\/\/api.w.org\/{rel}","templated":true}]}}